{"id":31993,"date":"2022-11-05T01:07:00","date_gmt":"2022-11-05T04:07:00","guid":{"rendered":"https:\/\/panoramadelsur.com.ar\/?p=31993"},"modified":"2022-11-04T08:54:14","modified_gmt":"2022-11-04T11:54:14","slug":"patentamientos-de-vehiculos-0-km-crecieron-en-octubre-143-interanual","status":"publish","type":"post","link":"https:\/\/panoramadelsur.com.ar\/?p=31993","title":{"rendered":"PATENTAMIENTOS DE VEH\u00cdCULOS 0 KM CRECIERON EN OCTUBRE 14,3% INTERANUAL"},"content":{"rendered":"\n<p class=\"wp-block-paragraph\">La cantidad de veh\u00edculos 0 km patentados durante octubre ascendi\u00f3 a 32.070 unidades, lo que represent\u00f3 un incremento del 14,3% en comparaci\u00f3n con el mismo mes de 2021, inform\u00f3 esta semana la Asociaci\u00f3n de Concesionarios de Automotores (Acara).<\/p>\n\n\n\n<p class=\"wp-block-paragraph\">La entidad detall\u00f3 que, en comparaci\u00f3n con el mes previo, se registr\u00f3 una baja del 7,9%.<\/p>\n\n\n\n<p class=\"wp-block-paragraph\">De esta forma, a lo largo de los diez primeros meses del a\u00f1o se patentaron 353.834 unidades, lo que represento un aumento del 5,5% frente a igual per\u00edodo de 2021.<\/p>\n\n\n\n<p class=\"wp-block-paragraph\">En un comunicado, el presidente de Acara, Ricardo Salom\u00e9, dijo que el mercado \u00abnos sigue sorprendiendo todos los meses, y a la hora de buscar los motivos de los m\u00e1s de 32.000 patentamientos de octubre y este buen crecimiento interanual, no puedo dejar de destacar el extraordinario esfuerzo de toda la cadena de valor con una mirada de largo plazo\u00bb.<\/p>\n\n\n\n<p class=\"wp-block-paragraph\">Asegur\u00f3 que pese a las dificultades econ\u00f3micas, \u00abestamos trabajando con un horizonte de sustentabilidad y en equipo\u00bb.<\/p>\n\n\n\n<p class=\"wp-block-paragraph\">El empresario record\u00f3 que durante este a\u00f1o \u00abhemos tenido una crisis global de semiconductores, tensiones y problemas en la cadena log\u00edstica, momentos de incertidumbre cambiaria y un aumento creciente de restricciones de piezas y veh\u00edculos importados, que alcanz\u00f3 en su pico m\u00e1ximo en septiembre\u00bb.<\/p>\n\n\n\n<p class=\"wp-block-paragraph\">Por lo cual, \u00abes realmente muy positivo que estemos un 6% por encima en el acumulado anual contra 2021\u00bb, enfatiz\u00f3.<\/p>\n\n\n\n<p class=\"wp-block-paragraph\">Tambi\u00e9n se refiri\u00f3 a los meses restantes y sostuvo que buscaran superar las 400.000 unidades, para que \u00aben 2023 consolidemos el mercado en estos niveles y podamos incrementarlo un 4\/6%, una cifra que podr\u00e1 claramente incrementarse si logramos una mayor liberaci\u00f3n de importaciones\u00bb.<\/p>\n\n\n\n<p class=\"wp-block-paragraph\">Por \u00faltimo, mencion\u00f3 que estos n\u00fameros permitir\u00e1n a la gente seguir demandando veh\u00edculos, siendo \u00abnuestro desaf\u00edo poder abastecernos con m\u00e1s modelos de producci\u00f3n nacional, e insistir que quienes se adapten a los veh\u00edculos disponibles, est\u00e1n ante una excelente oportunidad de inversi\u00f3n y disfrute\u00bb, complet\u00f3 Salom\u00e9. <\/p>\n","protected":false},"excerpt":{"rendered":"<p>La cantidad<\/p>\n","protected":false},"author":1,"featured_media":39574,"comment_status":"closed","ping_status":"closed","sticky":false,"template":"","format":"standard","meta":{"footnotes":""},"categories":[4],"tags":[510,59,509],"class_list":["post-31993","post","type-post","status-publish","format-standard","has-post-thumbnail","hentry","category-nacionales","tag-0-km","tag-nacionales","tag-vehiculos"],"_links":{"self":[{"href":"https:\/\/panoramadelsur.com.ar\/index.php?rest_route=\/wp\/v2\/posts\/31993","targetHints":{"allow":["GET"]}}],"collection":[{"href":"https:\/\/panoramadelsur.com.ar\/index.php?rest_route=\/wp\/v2\/posts"}],"about":[{"href":"https:\/\/panoramadelsur.com.ar\/index.php?rest_route=\/wp\/v2\/types\/post"}],"author":[{"embeddable":true,"href":"https:\/\/panoramadelsur.com.ar\/index.php?rest_route=\/wp\/v2\/users\/1"}],"replies":[{"embeddable":true,"href":"https:\/\/panoramadelsur.com.ar\/index.php?rest_route=%2Fwp%2Fv2%2Fcomments&post=31993"}],"version-history":[{"count":1,"href":"https:\/\/panoramadelsur.com.ar\/index.php?rest_route=\/wp\/v2\/posts\/31993\/revisions"}],"predecessor-version":[{"id":31995,"href":"https:\/\/panoramadelsur.com.ar\/index.php?rest_route=\/wp\/v2\/posts\/31993\/revisions\/31995"}],"wp:featuredmedia":[{"embeddable":true,"href":"https:\/\/panoramadelsur.com.ar\/index.php?rest_route=\/wp\/v2\/media\/39574"}],"wp:attachment":[{"href":"https:\/\/panoramadelsur.com.ar\/index.php?rest_route=%2Fwp%2Fv2%2Fmedia&parent=31993"}],"wp:term":[{"taxonomy":"category","embeddable":true,"href":"https:\/\/panoramadelsur.com.ar\/index.php?rest_route=%2Fwp%2Fv2%2Fcategories&post=31993"},{"taxonomy":"post_tag","embeddable":true,"href":"https:\/\/panoramadelsur.com.ar\/index.php?rest_route=%2Fwp%2Fv2%2Ftags&post=31993"}],"curies":[{"name":"wp","href":"https:\/\/api.w.org\/{rel}","templated":true}]}}