{"id":32005,"date":"2022-11-02T10:30:58","date_gmt":"2022-11-02T13:30:58","guid":{"rendered":"https:\/\/panoramadelsur.com.ar\/?p=32005"},"modified":"2022-11-02T10:31:00","modified_gmt":"2022-11-02T13:31:00","slug":"para-mena-la-justicia-esta-dando-una-senal-encubridora-en-el-atentado-a-la-vicepresidenta","status":"publish","type":"post","link":"https:\/\/panoramadelsur.com.ar\/?p=32005","title":{"rendered":"PARA MENA, LA JUSTICIA EST\u00c1 DANDO UNA SE\u00d1AL ENCUBRIDORA EN EL ATENTADO A LA VICEPRESIDENTA"},"content":{"rendered":"\n<p class=\"wp-block-paragraph\">El viceministro de Justicia, Juan Mart\u00edn Mena, afirm\u00f3 hoy que el fallo de la C\u00e1mara Federal porte\u00f1a que excarcel\u00f3 a los integrantes del grupo Revoluci\u00f3n Federal constituye una \u00abse\u00f1al netamente encubridora\u00bb y consider\u00f3 que hay un sector de la Justicia que parece dispuesto a no respetar \u00abni siquiera como v\u00edctima\u00bb los derechos y garant\u00edas de la vicepresidenta Cristina Fern\u00e1ndez de Kirchner.<\/p>\n\n\n\n<p class=\"wp-block-paragraph\">\u00abVemos una se\u00f1al netamente encubridora para que no se investigue el atentado y eso es inadmisible\u00bb, advirti\u00f3 el viceministro en declaraciones a radio El Destape.<\/p>\n\n\n\n<p class=\"wp-block-paragraph\">La C\u00e1mara Federal porte\u00f1a concedi\u00f3 este martes la excarcelaci\u00f3n de los cuatro miembros de Revoluci\u00f3n Federal detenidos en el marco de la causa en la que se los investiga por supuesta incitaci\u00f3n a la violencia.<\/p>\n\n\n\n<p class=\"wp-block-paragraph\">Los jueces de la Sala I del tribunal de apelaciones dijeron que no hay elementos para sostener que la libertad de Jonathan Morel, Leonardo Sosa, Gast\u00f3n Guerra y Sabrina Basile pueda poner en riesgo la investigaci\u00f3n judicial por la que ya fueron indagados.<\/p>\n\n\n\n<p class=\"wp-block-paragraph\">Mena relacion\u00f3 este fallo de la Sala I sobre Revoluci\u00f3n Federal con la resoluci\u00f3n que el mismo tribunal emiti\u00f3 esta semana en la causa que instruye la jueza Mar\u00eda Eugenia Capuchetti por el intento de asesinato a la exmandataria.<\/p>\n\n\n\n<p class=\"wp-block-paragraph\">En esa resoluci\u00f3n, los jueces Mariano Llorens, Pablo Bertuzzi y Leopoldo Bruglia, le ordenaron a la magistrada elevar la investigaci\u00f3n sobre las personas que est\u00e1n detenidas y profundizar la investigaci\u00f3n otras hip\u00f3tesis, algo que para el funcionario es \u00abverdaderamente preocupante y grav\u00edsimo y no registra ning\u00fan tipo de antecedente\u00bb.<\/p>\n\n\n\n<p class=\"wp-block-paragraph\">\u00abEsos dos fallos evidentemente demuestran que Cristina no tiene derechos ni siquiera como v\u00edctima. Es lo mismo que pas\u00f3 a lo largo de las persecuci\u00f3n pol\u00edtica a la que la sometieron en los \u00faltimos seis a\u00f1os. Es salvaje y criminal lo que le est\u00e1n haciendo y es porque existe en compromiso con sus mandantes pol\u00edticos\u00bb, se\u00f1al\u00f3.<\/p>\n\n\n\n<p class=\"wp-block-paragraph\">Para Mena, estos fallos de la C\u00e1mara Federal porte\u00f1a se producen \u00abcuando en el expediente por el atentado a Cristina aparece por primera vez un testimonio que podr\u00eda llevar una pista pol\u00edtica de los responsables\u00bb.<\/p>\n\n\n\n<p class=\"wp-block-paragraph\">De esta forma, el viceministro hizo referencia al testimonio de un asesor del Frente de Todos (FdT) en la C\u00e1mara baja, quien asegur\u00f3 ante la Justicia haber escuchado al diputado Gerardo Milman hacer referencia al ataque a la Vicepresidenta antes de que ocurriera.<\/p>\n\n\n\n<p class=\"wp-block-paragraph\">\u00abComo no van a poder ocultar pruebas, si el 80% de las personas que est\u00e1n siendo investigadas en estas causas mintieron ante la justicia. Para los homicidios est\u00e1n las medidas m\u00e1s restrictivas que prev\u00e9 la ley. Ahora les agarra un celo por las garant\u00edas a estos tipos que tuvieron gente presa durante a\u00f1os por motivos pol\u00edticos\u00bb, puntualiz\u00f3. <\/p>\n","protected":false},"excerpt":{"rendered":"<p>El viceministro<\/p>\n","protected":false},"author":1,"featured_media":39574,"comment_status":"closed","ping_status":"closed","sticky":false,"template":"","format":"standard","meta":{"footnotes":""},"categories":[4],"tags":[],"class_list":["post-32005","post","type-post","status-publish","format-standard","has-post-thumbnail","hentry","category-nacionales"],"_links":{"self":[{"href":"https:\/\/panoramadelsur.com.ar\/index.php?rest_route=\/wp\/v2\/posts\/32005","targetHints":{"allow":["GET"]}}],"collection":[{"href":"https:\/\/panoramadelsur.com.ar\/index.php?rest_route=\/wp\/v2\/posts"}],"about":[{"href":"https:\/\/panoramadelsur.com.ar\/index.php?rest_route=\/wp\/v2\/types\/post"}],"author":[{"embeddable":true,"href":"https:\/\/panoramadelsur.com.ar\/index.php?rest_route=\/wp\/v2\/users\/1"}],"replies":[{"embeddable":true,"href":"https:\/\/panoramadelsur.com.ar\/index.php?rest_route=%2Fwp%2Fv2%2Fcomments&post=32005"}],"version-history":[{"count":1,"href":"https:\/\/panoramadelsur.com.ar\/index.php?rest_route=\/wp\/v2\/posts\/32005\/revisions"}],"predecessor-version":[{"id":32007,"href":"https:\/\/panoramadelsur.com.ar\/index.php?rest_route=\/wp\/v2\/posts\/32005\/revisions\/32007"}],"wp:featuredmedia":[{"embeddable":true,"href":"https:\/\/panoramadelsur.com.ar\/index.php?rest_route=\/wp\/v2\/media\/39574"}],"wp:attachment":[{"href":"https:\/\/panoramadelsur.com.ar\/index.php?rest_route=%2Fwp%2Fv2%2Fmedia&parent=32005"}],"wp:term":[{"taxonomy":"category","embeddable":true,"href":"https:\/\/panoramadelsur.com.ar\/index.php?rest_route=%2Fwp%2Fv2%2Fcategories&post=32005"},{"taxonomy":"post_tag","embeddable":true,"href":"https:\/\/panoramadelsur.com.ar\/index.php?rest_route=%2Fwp%2Fv2%2Ftags&post=32005"}],"curies":[{"name":"wp","href":"https:\/\/api.w.org\/{rel}","templated":true}]}}