{"id":32011,"date":"2022-11-02T10:36:04","date_gmt":"2022-11-02T13:36:04","guid":{"rendered":"https:\/\/panoramadelsur.com.ar\/?p=32011"},"modified":"2022-11-02T10:36:06","modified_gmt":"2022-11-02T13:36:06","slug":"novillo-y-formica-dejan-colon-y-la-idea-es-rescindir-con-sanchez-mino","status":"publish","type":"post","link":"https:\/\/panoramadelsur.com.ar\/?p=32011","title":{"rendered":"NOVILLO Y FORMICA DEJAN COL\u00d3N Y LA IDEA ES RESCINDIR CON S\u00c1NCHEZ MI\u00d1O"},"content":{"rendered":"\n<p class=\"wp-block-paragraph\">La dirigencia de Col\u00f3n de Santa Fe trabaja con vistas a la pr\u00f3xima temporada y mientras se aguarda la confirmaci\u00f3n de su director t\u00e9cnico, con el uruguayo Marcelo Saralegui como principal candidato, se confirm\u00f3 que Joaqu\u00edn Novillo y Mauro Formica dejar\u00e1n el club y la idea es rescindir con Juan S\u00e1nchez Mi\u00f1o.<\/p>\n\n\n\n<p class=\"wp-block-paragraph\">Las partidas de Novillo y de Formica aparecen como l\u00f3gicas debido a que se les vencen sus respectivos contratos y no ser\u00e1n renovados, en tanto con S\u00e1nchez Mi\u00f1o se inici\u00f3 una negociaci\u00f3n, ya que tiene contrato por un a\u00f1o m\u00e1s.<\/p>\n\n\n\n<p class=\"wp-block-paragraph\">Ninguno de los tres jugadores logr\u00f3 ganarse un lugar en el equipo, aunque en el caso de S\u00e1nchez Mi\u00f1o con la particularidad que fue perseguido por lesiones que le impidieron estar en ritmo de competencia desde su llegada, a inicios de este a\u00f1o.<\/p>\n\n\n\n<p class=\"wp-block-paragraph\">Otro de los futbolistas que debe definir su futuro es Luis Miguel \u00abPulga\u00bb Rodr\u00edguez, quien a trav\u00e9s de su representante, Roberto San Juan, expres\u00f3 su intenci\u00f3n de dejar la entidad, pese a que le queda un a\u00f1o m\u00e1s de contrato.<\/p>\n\n\n\n<p class=\"wp-block-paragraph\">Rodr\u00edguez fue uno de los jugadores que sufri\u00f3 el \u00abapriete\u00bb de un grupo de hinchas violentos en septiembre, por lo que resolvi\u00f3 buscar una salida, aunque el club exige para liberarlo una compensaci\u00f3n econ\u00f3mica, ya que desembols\u00f3 una cifra importante para repatriarlo desde Gimnasia y Esgrima La Plata.<\/p>\n\n\n\n<p class=\"wp-block-paragraph\">En cuanto al director t\u00e9cnico, al no haber competencia hasta el pr\u00f3ximo a\u00f1o, los dirigentes disponen de tiempo para resolver si Saralegui seguir\u00e1 al frente del equipo, como lo hizo en los \u00faltimos seis partidos de la Liga Profesional que gan\u00f3 Boca Juniors.<\/p>\n\n\n\n<p class=\"wp-block-paragraph\">Voceros del club indicaron que el presidente Jos\u00e9 Vignatti podr\u00eda volver a reunirse con Ricardo Zielinski entre el jueves y el viernes, luego de que en los primeros contactos hubo diferencias importantes en el aspecto econ\u00f3mico.<\/p>\n\n\n\n<p class=\"wp-block-paragraph\">Tras una temporada con malos resultados, con Julio Falcioni, Sergio Rondina y un interinato de Adri\u00e1n Marini, Col\u00f3n termin\u00f3 su participaci\u00f3n con Saralegui a la cabeza y todo parece indicar que lo ratificar\u00e1 para 2023.<\/p>\n\n\n\n<p class=\"wp-block-paragraph\">Contar con Zielinski es una vieja aspiraci\u00f3n de Vignatti, pero en principio no habr\u00eda un acuerdo para la etapa que se avecina, por lo que el encuentro servir\u00eda para cerrar en forma amistosa las conversaciones y hablar de proyectos futbol\u00edsticos.<\/p>\n\n\n\n<p class=\"wp-block-paragraph\">Algo similar ocurri\u00f3 con Eduardo Dom\u00ednguez, quien fue el primer t\u00e9cnico que contact\u00f3 Col\u00f3n tras la salida de Rondina, con respuesta negativa.<\/p>\n","protected":false},"excerpt":{"rendered":"<p>La dirigencia<\/p>\n","protected":false},"author":1,"featured_media":39574,"comment_status":"closed","ping_status":"closed","sticky":false,"template":"","format":"standard","meta":{"footnotes":""},"categories":[6],"tags":[],"class_list":["post-32011","post","type-post","status-publish","format-standard","has-post-thumbnail","hentry","category-deportes"],"_links":{"self":[{"href":"https:\/\/panoramadelsur.com.ar\/index.php?rest_route=\/wp\/v2\/posts\/32011","targetHints":{"allow":["GET"]}}],"collection":[{"href":"https:\/\/panoramadelsur.com.ar\/index.php?rest_route=\/wp\/v2\/posts"}],"about":[{"href":"https:\/\/panoramadelsur.com.ar\/index.php?rest_route=\/wp\/v2\/types\/post"}],"author":[{"embeddable":true,"href":"https:\/\/panoramadelsur.com.ar\/index.php?rest_route=\/wp\/v2\/users\/1"}],"replies":[{"embeddable":true,"href":"https:\/\/panoramadelsur.com.ar\/index.php?rest_route=%2Fwp%2Fv2%2Fcomments&post=32011"}],"version-history":[{"count":1,"href":"https:\/\/panoramadelsur.com.ar\/index.php?rest_route=\/wp\/v2\/posts\/32011\/revisions"}],"predecessor-version":[{"id":32013,"href":"https:\/\/panoramadelsur.com.ar\/index.php?rest_route=\/wp\/v2\/posts\/32011\/revisions\/32013"}],"wp:featuredmedia":[{"embeddable":true,"href":"https:\/\/panoramadelsur.com.ar\/index.php?rest_route=\/wp\/v2\/media\/39574"}],"wp:attachment":[{"href":"https:\/\/panoramadelsur.com.ar\/index.php?rest_route=%2Fwp%2Fv2%2Fmedia&parent=32011"}],"wp:term":[{"taxonomy":"category","embeddable":true,"href":"https:\/\/panoramadelsur.com.ar\/index.php?rest_route=%2Fwp%2Fv2%2Fcategories&post=32011"},{"taxonomy":"post_tag","embeddable":true,"href":"https:\/\/panoramadelsur.com.ar\/index.php?rest_route=%2Fwp%2Fv2%2Ftags&post=32011"}],"curies":[{"name":"wp","href":"https:\/\/api.w.org\/{rel}","templated":true}]}}