{"id":32016,"date":"2022-11-02T01:02:03","date_gmt":"2022-11-02T04:02:03","guid":{"rendered":"https:\/\/panoramadelsur.com.ar\/?p=32016"},"modified":"2022-11-02T14:00:19","modified_gmt":"2022-11-02T17:00:19","slug":"el-presidente-recorre-en-moron-un-parque-industrial-y-obras-del-programa-procrear-ii","status":"publish","type":"post","link":"https:\/\/panoramadelsur.com.ar\/?p=32016","title":{"rendered":"EL PRESIDENTE RECORRE EN MOR\u00d3N UN PARQUE INDUSTRIAL Y OBRAS DEL PROGRAMA PROCREAR II"},"content":{"rendered":"\n<p class=\"wp-block-paragraph\">El presidente Alberto Fern\u00e1ndez recorrer\u00e1 hoy el Parque Industrial La Cant\u00e1brica, en Haedo, partido de Mor\u00f3n; y las obras del programa Procrear II en ese partido del conurbano bonaerense, informaron fuentes oficiales.<\/p>\n\n\n\n<p class=\"wp-block-paragraph\">La actividad ser\u00e1 a las 17 y el mandatario estar\u00e1 acompa\u00f1ado por los ministros de Obras P\u00fablicas, Gabriel Katopodis; y de Desarrollo Territorial y H\u00e1bitat, Santiago Maggiotti; y el intendente local Lucas Ghi.<\/p>\n\n\n\n<p class=\"wp-block-paragraph\">All\u00ed visitar\u00e1 la ampliaci\u00f3n del Parque Industrial La Cant\u00e1brica, en la planta de Romipack ubicada en ese predio, y las obras de 534 viviendas del programa Procrear II.<\/p>\n\n\n\n<p class=\"wp-block-paragraph\"><\/p>\n\n\n\n<p class=\"wp-block-paragraph\"><\/p>\n","protected":false},"excerpt":{"rendered":"<p>El presidente<\/p>\n","protected":false},"author":1,"featured_media":39574,"comment_status":"closed","ping_status":"closed","sticky":false,"template":"","format":"standard","meta":{"footnotes":""},"categories":[4,8],"tags":[38,59],"class_list":["post-32016","post","type-post","status-publish","format-standard","has-post-thumbnail","hentry","category-nacionales","category-para-agendar","tag-alberto-fernandez","tag-nacionales"],"_links":{"self":[{"href":"https:\/\/panoramadelsur.com.ar\/index.php?rest_route=\/wp\/v2\/posts\/32016","targetHints":{"allow":["GET"]}}],"collection":[{"href":"https:\/\/panoramadelsur.com.ar\/index.php?rest_route=\/wp\/v2\/posts"}],"about":[{"href":"https:\/\/panoramadelsur.com.ar\/index.php?rest_route=\/wp\/v2\/types\/post"}],"author":[{"embeddable":true,"href":"https:\/\/panoramadelsur.com.ar\/index.php?rest_route=\/wp\/v2\/users\/1"}],"replies":[{"embeddable":true,"href":"https:\/\/panoramadelsur.com.ar\/index.php?rest_route=%2Fwp%2Fv2%2Fcomments&post=32016"}],"version-history":[{"count":1,"href":"https:\/\/panoramadelsur.com.ar\/index.php?rest_route=\/wp\/v2\/posts\/32016\/revisions"}],"predecessor-version":[{"id":32018,"href":"https:\/\/panoramadelsur.com.ar\/index.php?rest_route=\/wp\/v2\/posts\/32016\/revisions\/32018"}],"wp:featuredmedia":[{"embeddable":true,"href":"https:\/\/panoramadelsur.com.ar\/index.php?rest_route=\/wp\/v2\/media\/39574"}],"wp:attachment":[{"href":"https:\/\/panoramadelsur.com.ar\/index.php?rest_route=%2Fwp%2Fv2%2Fmedia&parent=32016"}],"wp:term":[{"taxonomy":"category","embeddable":true,"href":"https:\/\/panoramadelsur.com.ar\/index.php?rest_route=%2Fwp%2Fv2%2Fcategories&post=32016"},{"taxonomy":"post_tag","embeddable":true,"href":"https:\/\/panoramadelsur.com.ar\/index.php?rest_route=%2Fwp%2Fv2%2Ftags&post=32016"}],"curies":[{"name":"wp","href":"https:\/\/api.w.org\/{rel}","templated":true}]}}