{"id":32019,"date":"2022-11-02T01:01:00","date_gmt":"2022-11-02T04:01:00","guid":{"rendered":"https:\/\/panoramadelsur.com.ar\/?p=32019"},"modified":"2022-11-02T11:06:15","modified_gmt":"2022-11-02T14:06:15","slug":"racing-y-tigre-definen-al-rival-de-boca-en-el-trofeo-de-campeones","status":"publish","type":"post","link":"https:\/\/panoramadelsur.com.ar\/?p=32019","title":{"rendered":"RACING Y TIGRE DEFINEN AL RIVAL DE BOCA EN EL TROFEO DE CAMPEONES"},"content":{"rendered":"\n<p class=\"wp-block-paragraph\">Racing Club y Tigre se enfrentar\u00e1n hoy en una eliminatoria de desempate que otorgar\u00e1 al ganador un lugar en la final del Trofeo de Campeones para enfrentar a Boca Juniors, que obtuvo este a\u00f1o la Copa de la Liga y la Liga Profesional.<\/p>\n\n\n\n<p class=\"wp-block-paragraph\">El partido se jugar\u00e1 desde las 15 en el estadio Tom\u00e1s Adolfo Duc\u00f3, de Hurac\u00e1n, ser\u00e1 arbitrado por el neuquino Dar\u00edo Herrera y televisado por ESPN Premium.<\/p>\n\n\n\n<p class=\"wp-block-paragraph\">La \u00abAcademia\u00bb y el \u00abMatador\u00bb tienen la posibilidad de pelear por una nueva estrella tras haber terminado ambos en el segundo lugar de la Liga Profesional de F\u00fatbol (LPF) y de la Copa de la Liga, respectivamente.<\/p>\n\n\n\n<p class=\"wp-block-paragraph\">El vencedor del encuentro se medir\u00e1 ante Boca el pr\u00f3ximo domingo en el estadio La Pedrera de la ciudad de Villa Mercedes, en San Luis.<\/p>\n\n\n\n<p class=\"wp-block-paragraph\">El historial entre Racing y Tigre registra un total de 84 enfrentamientos con 44 triunfos para la \u00abAcademia\u00bb, 22 para el \u00abMatador\u00bb y 18 empates.<\/p>\n\n\n\n<p class=\"wp-block-paragraph\">= Probables formaciones =<\/p>\n\n\n\n<p class=\"wp-block-paragraph\">Racing Club: Gabriel Arias; Iv\u00e1n Pillud o Facundo Mura, Leonardo Sigali, Gonzalo Piovi y Eugenio Mena; Carlos Alcaraz o Jonathan G\u00f3mez, An\u00edbal Moreno, Leonel Miranda y Mat\u00edas Rojas, Enzo Copetti y Johan Carbonero. DT: Fernando Gago.<\/p>\n\n\n\n<p class=\"wp-block-paragraph\">Tigre: Gonzalo Marinelli; Lucas Blondel, V\u00edctor Cabrera o Brian Leizza, Abel Luciatti y Sebasti\u00e1n Prieto; Ezequiel Fern\u00e1ndez y Lucas Menossi; Blas Armoa, Alexis Castro y Facundo Colidio; Mateo Retegui. DT: Diego Mart\u00ednez.<\/p>\n\n\n\n<p class=\"wp-block-paragraph\">\u00c1rbitro: Dar\u00edo Herrera.<\/p>\n\n\n\n<p class=\"wp-block-paragraph\">Cancha: Hurac\u00e1n.<\/p>\n\n\n\n<p class=\"wp-block-paragraph\">Hora de inicio: 15.<\/p>\n\n\n\n<p class=\"wp-block-paragraph\">TV: ESPN Premium. <\/p>\n","protected":false},"excerpt":{"rendered":"<p>Racing Club<\/p>\n","protected":false},"author":1,"featured_media":39574,"comment_status":"closed","ping_status":"closed","sticky":false,"template":"","format":"standard","meta":{"footnotes":""},"categories":[6,10],"tags":[22,488],"class_list":["post-32019","post","type-post","status-publish","format-standard","has-post-thumbnail","hentry","category-deportes","category-mas-noticias","tag-futbol","tag-trofeo-de-campeones"],"_links":{"self":[{"href":"https:\/\/panoramadelsur.com.ar\/index.php?rest_route=\/wp\/v2\/posts\/32019","targetHints":{"allow":["GET"]}}],"collection":[{"href":"https:\/\/panoramadelsur.com.ar\/index.php?rest_route=\/wp\/v2\/posts"}],"about":[{"href":"https:\/\/panoramadelsur.com.ar\/index.php?rest_route=\/wp\/v2\/types\/post"}],"author":[{"embeddable":true,"href":"https:\/\/panoramadelsur.com.ar\/index.php?rest_route=\/wp\/v2\/users\/1"}],"replies":[{"embeddable":true,"href":"https:\/\/panoramadelsur.com.ar\/index.php?rest_route=%2Fwp%2Fv2%2Fcomments&post=32019"}],"version-history":[{"count":1,"href":"https:\/\/panoramadelsur.com.ar\/index.php?rest_route=\/wp\/v2\/posts\/32019\/revisions"}],"predecessor-version":[{"id":32021,"href":"https:\/\/panoramadelsur.com.ar\/index.php?rest_route=\/wp\/v2\/posts\/32019\/revisions\/32021"}],"wp:featuredmedia":[{"embeddable":true,"href":"https:\/\/panoramadelsur.com.ar\/index.php?rest_route=\/wp\/v2\/media\/39574"}],"wp:attachment":[{"href":"https:\/\/panoramadelsur.com.ar\/index.php?rest_route=%2Fwp%2Fv2%2Fmedia&parent=32019"}],"wp:term":[{"taxonomy":"category","embeddable":true,"href":"https:\/\/panoramadelsur.com.ar\/index.php?rest_route=%2Fwp%2Fv2%2Fcategories&post=32019"},{"taxonomy":"post_tag","embeddable":true,"href":"https:\/\/panoramadelsur.com.ar\/index.php?rest_route=%2Fwp%2Fv2%2Ftags&post=32019"}],"curies":[{"name":"wp","href":"https:\/\/api.w.org\/{rel}","templated":true}]}}