{"id":32024,"date":"2022-11-02T11:23:40","date_gmt":"2022-11-02T14:23:40","guid":{"rendered":"https:\/\/panoramadelsur.com.ar\/?p=32024"},"modified":"2022-11-02T11:23:43","modified_gmt":"2022-11-02T14:23:43","slug":"la-provincia-de-buenos-aires-invirtio-20-millones-de-pesos-en-el-deteriorado-hospital-de-bahia-blanca-jose-penna","status":"publish","type":"post","link":"https:\/\/panoramadelsur.com.ar\/?p=32024","title":{"rendered":"LA PROVINCIA DE BUENOS AIRES INVIRTI\u00d3 20 MILLONES DE PESOS EN EL DETERIORADO HOSPITAL DE BAH\u00cdA BLANCA JOS\u00c9 PENNA"},"content":{"rendered":"\n<p class=\"wp-block-paragraph\">El ministro de Salud bonaerense, Nicol\u00e1s Kreplak, se\u00f1al\u00f3 que se invirtieron 20 millones de pesos para la adquisici\u00f3n de distintos equipamientos para el Hospital Interzonal de Agudos \u00abJos\u00e9 Penna\u00bb de la ciudad bonaerense de Bah\u00eda Blanca.<\/p>\n\n\n\n<p class=\"wp-block-paragraph\">\u00abPr\u00f3ximamente llegar\u00e1n m\u00e1s equipamientos gracias a una de las pol\u00edticas que es el recupero de los financiamientos a partir de las personas con obras sociales que se atienden en el hospital, y ese dinero se reutiliza\u00bb, subray\u00f3 Kreplak.<\/p>\n\n\n\n<p class=\"wp-block-paragraph\">El ministro formul\u00f3 estos conceptos tras poner en funciones ayer al director ejecutivo del hospital, Jorge Moyano, y a la directora asociada, Nadia Ripari, en el marco de una visita a Bah\u00eda Blanca, en el sur de la provincia de Buenos Aires.<\/p>\n\n\n\n<p class=\"wp-block-paragraph\">Adem\u00e1s, se entregaron tres mesas de anestesia para el centro asistencial y el adelanto de ropa de trabajo para los sectores de dep\u00f3sito y mantenimiento.<\/p>\n\n\n\n<p class=\"wp-block-paragraph\">\u00abCuando asumimos la gesti\u00f3n m\u00e1s de la mitad del hospital estaba no funcional por obras abandonadas, quir\u00f3fanos cerrados, \u00e1rea obst\u00e9trica, la guardia sin inaugurar. Adem\u00e1s de eso, los trabajadores hab\u00edan perdido el 26% de salarios\u00bb, indic\u00f3 Kreplak.<\/p>\n\n\n\n<p class=\"wp-block-paragraph\">\u00abEs importante saberlo, porque cuando uno dice apuesto a la salud es mejores salarios, m\u00e1s trabajadores, m\u00e1s inversi\u00f3n y un ministerio presente\u00bb, concluy\u00f3 el ministro. <\/p>\n","protected":false},"excerpt":{"rendered":"<p>El ministro<\/p>\n","protected":false},"author":1,"featured_media":39574,"comment_status":"closed","ping_status":"closed","sticky":false,"template":"","format":"standard","meta":{"footnotes":""},"categories":[5],"tags":[28,27],"class_list":["post-32024","post","type-post","status-publish","format-standard","has-post-thumbnail","hentry","category-provincia","tag-gba","tag-provincia"],"_links":{"self":[{"href":"https:\/\/panoramadelsur.com.ar\/index.php?rest_route=\/wp\/v2\/posts\/32024","targetHints":{"allow":["GET"]}}],"collection":[{"href":"https:\/\/panoramadelsur.com.ar\/index.php?rest_route=\/wp\/v2\/posts"}],"about":[{"href":"https:\/\/panoramadelsur.com.ar\/index.php?rest_route=\/wp\/v2\/types\/post"}],"author":[{"embeddable":true,"href":"https:\/\/panoramadelsur.com.ar\/index.php?rest_route=\/wp\/v2\/users\/1"}],"replies":[{"embeddable":true,"href":"https:\/\/panoramadelsur.com.ar\/index.php?rest_route=%2Fwp%2Fv2%2Fcomments&post=32024"}],"version-history":[{"count":1,"href":"https:\/\/panoramadelsur.com.ar\/index.php?rest_route=\/wp\/v2\/posts\/32024\/revisions"}],"predecessor-version":[{"id":32026,"href":"https:\/\/panoramadelsur.com.ar\/index.php?rest_route=\/wp\/v2\/posts\/32024\/revisions\/32026"}],"wp:featuredmedia":[{"embeddable":true,"href":"https:\/\/panoramadelsur.com.ar\/index.php?rest_route=\/wp\/v2\/media\/39574"}],"wp:attachment":[{"href":"https:\/\/panoramadelsur.com.ar\/index.php?rest_route=%2Fwp%2Fv2%2Fmedia&parent=32024"}],"wp:term":[{"taxonomy":"category","embeddable":true,"href":"https:\/\/panoramadelsur.com.ar\/index.php?rest_route=%2Fwp%2Fv2%2Fcategories&post=32024"},{"taxonomy":"post_tag","embeddable":true,"href":"https:\/\/panoramadelsur.com.ar\/index.php?rest_route=%2Fwp%2Fv2%2Ftags&post=32024"}],"curies":[{"name":"wp","href":"https:\/\/api.w.org\/{rel}","templated":true}]}}