{"id":32027,"date":"2022-11-04T01:04:00","date_gmt":"2022-11-04T04:04:00","guid":{"rendered":"https:\/\/panoramadelsur.com.ar\/?p=32027"},"modified":"2022-11-02T11:28:58","modified_gmt":"2022-11-02T14:28:58","slug":"vuelve-una-noche-en-los-museos-a-la-provincia-de-buenos-aires","status":"publish","type":"post","link":"https:\/\/panoramadelsur.com.ar\/?p=32027","title":{"rendered":"VUELVE UNA NOCHE EN LOS MUSEOS A LA PROVINCIA DE BUENOS AIRES"},"content":{"rendered":"\n<p class=\"wp-block-paragraph\">El pr\u00f3ximo 12 de noviembre, entre las 19 y las 24, tendr\u00e1 lugar \u201cUna Noche en los Museos\u201d con la participaci\u00f3n de espacios de todo el territorio bonaerense, inform\u00f3 el Instituto Cultural de la Provincia de Buenos Aires.<\/p>\n\n\n\n<p class=\"wp-block-paragraph\">\u00abDespu\u00e9s de siete a\u00f1os de ausencia, regresar\u00e1 el programa que fue uno de los eventos m\u00e1s esperados del a\u00f1o en la provincia y con mayor participaci\u00f3n de la comunidad. Instituciones y espacios abrir\u00e1n sus puertas en un horario no habitual, de manera gratuita y con una programaci\u00f3n especial\u00bb, indicaron desde el \u00e1rea.<\/p>\n\n\n\n<p class=\"wp-block-paragraph\">Participar\u00e1n el Complejo Museogr\u00e1fico Enrique Udaondo de Luj\u00e1n; el Museo Hist\u00f3rico Libres del Sur de Dolores; el Museo Emilio Pettoruti, el Archivo Hist\u00f3rico Ricardo Levene y el Centro Provincial de las Artes Teatro Argentino de La Plata; el Museo y Biblioteca Provincial Juan Domingo Per\u00f3n de Lobos; el Museo Hist\u00f3rico 17 de Octubre de San Vicente; el Museo Casa Evita de Los Toldos y el Museo de Arte Contempor\u00e1neo MAR de Mar del Plata.<\/p>\n\n\n\n<p class=\"wp-block-paragraph\">La presidenta del Instituto Cultural, Florencia Saintout, consider\u00f3 que \u00abeste tipo de iniciativas refuerzan el v\u00ednculo comunitario y la perspectiva descentralizada de la oferta cultural que proponemos desde la provincia\u201d.<\/p>\n\n\n\n<p class=\"wp-block-paragraph\">\u201cA trav\u00e9s de los distintos programas que impulsamos en toda la provincia buscamos llegar a cada municipio pensando en la cultura para la inclusi\u00f3n social, promoviendo el acceso igualitario a propuestas de calidad y sin restricciones\u201d, complet\u00f3.<\/p>\n\n\n\n<p class=\"wp-block-paragraph\">En tanto, el director provincial de Patrimonio Cultural de la provincia de Buenos Aires, Pedro Delheye, explic\u00f3 que el objetivo es \u201cvolver m\u00e1s accesibles los museos, propiciar experiencias y nuevos v\u00ednculos entre personas y expresiones culturales y proponer novedosas maneras de conocer el patrimonio de estas instituciones\u201d y destac\u00f3 la importancia de que \u00abUna noche en los Museos\u00bb, un evento cultural multitudinario y multidimensional, \u00abvuelva al territorio\u201d.<\/p>\n\n\n\n<p class=\"wp-block-paragraph\">La Noche de los Museos surgi\u00f3 en la ciudad de Berl\u00edn y en las \u00faltimas d\u00e9cadas ha sido replicada por otras ciudades en m\u00e1s de 150 pa\u00edses del mundo, convirti\u00e9ndose en un evento de gran popularidad. Su objetivo es atraer a diferentes sectores del p\u00fablico, ofreci\u00e9ndoles una nueva manera de abordar y conocer el patrimonio de los museos.<\/p>\n\n\n\n<p class=\"wp-block-paragraph\">Asimismo, en la ciudad de La Plata y en la regi\u00f3n la propuesta provincial busca acompa\u00f1ar la iniciativa que viene desarrollando la Red de Museos de la UNLP en el programa denominado \u201cMuseos a la luz de la luna\u201d y sumar esfuerzos y voluntades en una noche de celebraci\u00f3n y de participaci\u00f3n ciudadana.<\/p>\n\n\n\n<p class=\"wp-block-paragraph\">\u201cUna Noche en los Museos\u201d comenz\u00f3 a desarrollarse en La Plata en 2008, organizada por el Instituto Cultural de la Provincia de Buenos Aires. Desde entonces, la Direcci\u00f3n Provincial de Patrimonio Cultural tuvo a su cargo la planificaci\u00f3n y puesta en marcha de cada una de las ediciones. <\/p>\n","protected":false},"excerpt":{"rendered":"<p>El pr\u00f3ximo<\/p>\n","protected":false},"author":1,"featured_media":39574,"comment_status":"closed","ping_status":"closed","sticky":false,"template":"","format":"standard","meta":{"footnotes":""},"categories":[8,5],"tags":[28,27],"class_list":["post-32027","post","type-post","status-publish","format-standard","has-post-thumbnail","hentry","category-para-agendar","category-provincia","tag-gba","tag-provincia"],"_links":{"self":[{"href":"https:\/\/panoramadelsur.com.ar\/index.php?rest_route=\/wp\/v2\/posts\/32027","targetHints":{"allow":["GET"]}}],"collection":[{"href":"https:\/\/panoramadelsur.com.ar\/index.php?rest_route=\/wp\/v2\/posts"}],"about":[{"href":"https:\/\/panoramadelsur.com.ar\/index.php?rest_route=\/wp\/v2\/types\/post"}],"author":[{"embeddable":true,"href":"https:\/\/panoramadelsur.com.ar\/index.php?rest_route=\/wp\/v2\/users\/1"}],"replies":[{"embeddable":true,"href":"https:\/\/panoramadelsur.com.ar\/index.php?rest_route=%2Fwp%2Fv2%2Fcomments&post=32027"}],"version-history":[{"count":1,"href":"https:\/\/panoramadelsur.com.ar\/index.php?rest_route=\/wp\/v2\/posts\/32027\/revisions"}],"predecessor-version":[{"id":32029,"href":"https:\/\/panoramadelsur.com.ar\/index.php?rest_route=\/wp\/v2\/posts\/32027\/revisions\/32029"}],"wp:featuredmedia":[{"embeddable":true,"href":"https:\/\/panoramadelsur.com.ar\/index.php?rest_route=\/wp\/v2\/media\/39574"}],"wp:attachment":[{"href":"https:\/\/panoramadelsur.com.ar\/index.php?rest_route=%2Fwp%2Fv2%2Fmedia&parent=32027"}],"wp:term":[{"taxonomy":"category","embeddable":true,"href":"https:\/\/panoramadelsur.com.ar\/index.php?rest_route=%2Fwp%2Fv2%2Fcategories&post=32027"},{"taxonomy":"post_tag","embeddable":true,"href":"https:\/\/panoramadelsur.com.ar\/index.php?rest_route=%2Fwp%2Fv2%2Ftags&post=32027"}],"curies":[{"name":"wp","href":"https:\/\/api.w.org\/{rel}","templated":true}]}}