{"id":32030,"date":"2022-11-02T01:01:00","date_gmt":"2022-11-02T04:01:00","guid":{"rendered":"https:\/\/panoramadelsur.com.ar\/?p=32030"},"modified":"2022-11-02T11:32:31","modified_gmt":"2022-11-02T14:32:31","slug":"piden-prision-perpetua-para-7-expolicias-por-el-crimen-de-cuatro-personas-en-wilde","status":"publish","type":"post","link":"https:\/\/panoramadelsur.com.ar\/?p=32030","title":{"rendered":"PIDEN PRISI\u00d3N PERPETUA PARA 7 EXPOLIC\u00cdAS POR EL CRIMEN DE CUATRO PERSONAS EN WILDE"},"content":{"rendered":"\n<p class=\"wp-block-paragraph\">Una fiscal pidi\u00f3 esta ma\u00f1ana que sean condenados a prisi\u00f3n perpetua siete expolic\u00edas bonaerenses por la denominada \u00abMasacre de Wilde\u00bb, un emblem\u00e1tico caso de \u00abgatillo f\u00e1cil\u00bb cometido en 1994, cuando cuatro inocentes fueron asesinados por efectivos que los confundieron con delincuentes.<\/p>\n\n\n\n<p class=\"wp-block-paragraph\">El pedido fue formulado por la fiscal Viviana Sim\u00f3n a alegar ante el Tribunal Oral Criminal 3 de Lomas de Zamora, a cargo del debate que tiene como acusados a los excomisarios Roberto Mantel y Eduardo G\u00f3mez; el exoficial Osvaldo Lorenz\u00f3n; los exsubtenientes Marciano Gonz\u00e1lez y Pablo Dudek; y los exoficiales Julio Gatto y Marcelo Valenga, quienes llegaron al debate en libertad.<\/p>\n","protected":false},"excerpt":{"rendered":"<p>Una fiscal<\/p>\n","protected":false},"author":1,"featured_media":39574,"comment_status":"closed","ping_status":"closed","sticky":false,"template":"","format":"standard","meta":{"footnotes":""},"categories":[1,3],"tags":[54,492,55],"class_list":["post-32030","post","type-post","status-publish","format-standard","has-post-thumbnail","hentry","category-destacados","category-regionales","tag-avellaneda","tag-masacre-de-wilde","tag-wilde"],"_links":{"self":[{"href":"https:\/\/panoramadelsur.com.ar\/index.php?rest_route=\/wp\/v2\/posts\/32030","targetHints":{"allow":["GET"]}}],"collection":[{"href":"https:\/\/panoramadelsur.com.ar\/index.php?rest_route=\/wp\/v2\/posts"}],"about":[{"href":"https:\/\/panoramadelsur.com.ar\/index.php?rest_route=\/wp\/v2\/types\/post"}],"author":[{"embeddable":true,"href":"https:\/\/panoramadelsur.com.ar\/index.php?rest_route=\/wp\/v2\/users\/1"}],"replies":[{"embeddable":true,"href":"https:\/\/panoramadelsur.com.ar\/index.php?rest_route=%2Fwp%2Fv2%2Fcomments&post=32030"}],"version-history":[{"count":1,"href":"https:\/\/panoramadelsur.com.ar\/index.php?rest_route=\/wp\/v2\/posts\/32030\/revisions"}],"predecessor-version":[{"id":32031,"href":"https:\/\/panoramadelsur.com.ar\/index.php?rest_route=\/wp\/v2\/posts\/32030\/revisions\/32031"}],"wp:featuredmedia":[{"embeddable":true,"href":"https:\/\/panoramadelsur.com.ar\/index.php?rest_route=\/wp\/v2\/media\/39574"}],"wp:attachment":[{"href":"https:\/\/panoramadelsur.com.ar\/index.php?rest_route=%2Fwp%2Fv2%2Fmedia&parent=32030"}],"wp:term":[{"taxonomy":"category","embeddable":true,"href":"https:\/\/panoramadelsur.com.ar\/index.php?rest_route=%2Fwp%2Fv2%2Fcategories&post=32030"},{"taxonomy":"post_tag","embeddable":true,"href":"https:\/\/panoramadelsur.com.ar\/index.php?rest_route=%2Fwp%2Fv2%2Ftags&post=32030"}],"curies":[{"name":"wp","href":"https:\/\/api.w.org\/{rel}","templated":true}]}}