{"id":32035,"date":"2022-11-02T13:32:20","date_gmt":"2022-11-02T16:32:20","guid":{"rendered":"https:\/\/panoramadelsur.com.ar\/?p=32035"},"modified":"2022-11-02T13:32:22","modified_gmt":"2022-11-02T16:32:22","slug":"alvarez-rodriguez-la-liberacion-de-los-miembros-de-revolucion-federal-garantiza-impunidad","status":"publish","type":"post","link":"https:\/\/panoramadelsur.com.ar\/?p=32035","title":{"rendered":"\u00c1LVAREZ RODR\u00cdGUEZ: \u00abLA LIBERACI\u00d3N DE LOS MIEMBROS DE REVOLUCI\u00d3N FEDERAL GARANTIZA IMPUNIDAD\u00bb"},"content":{"rendered":"\n<p class=\"wp-block-paragraph\">La ministra de Gobierno bonaerense Cristina \u00c1lvarez Rodr\u00edguez consider\u00f3 hoy que la excarcelaci\u00f3n de los cuatro integrantes de Revoluci\u00f3n Federal Jonathan Morel, Leonardo Sosa, Gast\u00f3n Guerra y Sabina Basile, dispuesta ayer por la Justicia es un hecho \u00abgrav\u00edsimo\u00bb y analiz\u00f3 que se est\u00e1 \u00abgarantizando impunidad\u00bb.<\/p>\n\n\n\n<p class=\"wp-block-paragraph\">\u00abHablamos de una agrupaci\u00f3n que actu\u00f3 como una verdadera asociaci\u00f3n terrorista, con un l\u00edder que afirm\u00f3 que el objetivo era que los kirchneristas sinti\u00e9ramos miedo\u00bb, plante\u00f3 la funcionaria y consejera del PJ nacional y bonaerense en declaraciones a Radio Nacional.<\/p>\n\n\n\n<p class=\"wp-block-paragraph\">Sostuvo que la liberaci\u00f3n de los miembros de Revoluci\u00f3n Federal \u00abocurre cuando aparece involucrado (Gerardo) Milman, es decir Patricia Bullrich\u00bb y pidi\u00f3 que se investigue si ese diputado del PRO efectivamente ten\u00eda conocimiento de la preparaci\u00f3n de un atentado contra la vicepresidenta, como declar\u00f3 un empleado del Congreso a la Justicia.<\/p>\n\n\n\n<p class=\"wp-block-paragraph\">\u00abEs un fallo que est\u00e1 garantizando impunidad. Quienes promueven el odio en la Argentina quedaron libres. Ac\u00e1 se intent\u00f3 asesinar a la vicepresidenta de la rep\u00fablica\u00bb, indic\u00f3 y subray\u00f3 la necesidad de que se investigue ese intento de magnicidio.<\/p>\n\n\n\n<p class=\"wp-block-paragraph\">Luego, plante\u00f3 que en la Justicia nacional existe \u00abuna doble vara\u00bb y grafic\u00f3: \u00absobreseyeron a Mauricio Macri y en la causa est\u00e1 probado que hubo escuchas a los familiares de las v\u00edctimas del ARA San Juan\u00bb.<\/p>\n\n\n\n<p class=\"wp-block-paragraph\">\u00abNecesitamos que se investigue por qu\u00e9 Caputo financi\u00f3 a esa carpinter\u00eda\u00bb, expuso con relaci\u00f3n a los pagos efectuados a Jonathan Morel desde la desarrolladora inmobiliaria Caputo Hermanos, empresa de los hermanos de Luis \u00abToto\u00bb Caputo y primos de Nicol\u00e1s Caputo.<\/p>\n\n\n\n<p class=\"wp-block-paragraph\">\u00abYo no estoy diciendo que sean culpables, pero que se investigue. Quienes militamos estamos amenazados por esta gente\u00bb, continu\u00f3 \u00c1lvarez Rodr\u00edguez y manifest\u00f3 que \u00abes sugestivo\u00bb que durante el per\u00edodo en que los referentes de Revoluci\u00f3n Federal estuvieron detenidos, los dirigentes del Frente de Todos dejaron de recibir \u00abagravios y escraches\u00bb.<\/p>\n\n\n\n<p class=\"wp-block-paragraph\">En ese contexto, opin\u00f3 que \u00abel Poder Judicial debe ser ejemplar, no debe ser parcial y debe actuar con todo el peso de la ley. No se pueden naturalizar hechos de violencia como los que vivimos en los \u00faltimos tiempos\u00bb y a\u00f1adi\u00f3: \u00abQueremos vivir en paz\u00bb.<\/p>\n\n\n\n<p class=\"wp-block-paragraph\">Posteriormente, refiri\u00f3 que \u00abno puede ser que para Cristina no haya justicia en la Argentina\u00bb, se\u00f1al\u00f3 que \u00ablo que ocurri\u00f3 ayer es grav\u00edsimo\u00bb e indic\u00f3 que \u00ablos que atentaron contra Cristina deben pagar con todo el peso de la ley\u00bb.<\/p>\n\n\n\n<p class=\"wp-block-paragraph\">\u00abSe debe llegar a los autores intelectuales del intento de magnicidio\u00bb, concluy\u00f3 la funcionaria. <\/p>\n","protected":false},"excerpt":{"rendered":"<p>La ministra<\/p>\n","protected":false},"author":1,"featured_media":39574,"comment_status":"closed","ping_status":"closed","sticky":false,"template":"","format":"standard","meta":{"footnotes":""},"categories":[5],"tags":[],"class_list":["post-32035","post","type-post","status-publish","format-standard","has-post-thumbnail","hentry","category-provincia"],"_links":{"self":[{"href":"https:\/\/panoramadelsur.com.ar\/index.php?rest_route=\/wp\/v2\/posts\/32035","targetHints":{"allow":["GET"]}}],"collection":[{"href":"https:\/\/panoramadelsur.com.ar\/index.php?rest_route=\/wp\/v2\/posts"}],"about":[{"href":"https:\/\/panoramadelsur.com.ar\/index.php?rest_route=\/wp\/v2\/types\/post"}],"author":[{"embeddable":true,"href":"https:\/\/panoramadelsur.com.ar\/index.php?rest_route=\/wp\/v2\/users\/1"}],"replies":[{"embeddable":true,"href":"https:\/\/panoramadelsur.com.ar\/index.php?rest_route=%2Fwp%2Fv2%2Fcomments&post=32035"}],"version-history":[{"count":1,"href":"https:\/\/panoramadelsur.com.ar\/index.php?rest_route=\/wp\/v2\/posts\/32035\/revisions"}],"predecessor-version":[{"id":32037,"href":"https:\/\/panoramadelsur.com.ar\/index.php?rest_route=\/wp\/v2\/posts\/32035\/revisions\/32037"}],"wp:featuredmedia":[{"embeddable":true,"href":"https:\/\/panoramadelsur.com.ar\/index.php?rest_route=\/wp\/v2\/media\/39574"}],"wp:attachment":[{"href":"https:\/\/panoramadelsur.com.ar\/index.php?rest_route=%2Fwp%2Fv2%2Fmedia&parent=32035"}],"wp:term":[{"taxonomy":"category","embeddable":true,"href":"https:\/\/panoramadelsur.com.ar\/index.php?rest_route=%2Fwp%2Fv2%2Fcategories&post=32035"},{"taxonomy":"post_tag","embeddable":true,"href":"https:\/\/panoramadelsur.com.ar\/index.php?rest_route=%2Fwp%2Fv2%2Ftags&post=32035"}],"curies":[{"name":"wp","href":"https:\/\/api.w.org\/{rel}","templated":true}]}}