{"id":32038,"date":"2022-11-02T13:51:17","date_gmt":"2022-11-02T16:51:17","guid":{"rendered":"https:\/\/panoramadelsur.com.ar\/?p=32038"},"modified":"2022-11-02T13:51:19","modified_gmt":"2022-11-02T16:51:19","slug":"estudiantes-quiere-retener-a-boselli-mas-y-morel-y-acelera-por-alejandro-martinez","status":"publish","type":"post","link":"https:\/\/panoramadelsur.com.ar\/?p=32038","title":{"rendered":"ESTUDIANTES QUIERE RETENER A BOSELLI, M\u00c1S Y MOREL, Y ACELERA POR ALEJANDRO MART\u00cdNEZ"},"content":{"rendered":"\n<p class=\"wp-block-paragraph\">Estudiantes de La Plata espera solucionar en los pr\u00f3ximos d\u00edas la continuidad del goleador Mauro Boselli, m\u00e1s los defensores Emmanuel M\u00e1s y Jorge Morel, cuyos contratos vencer\u00e1n el 31 de diciembre, mientras que est\u00e1 casi cerrada la incorporaci\u00f3n de Alejandro Mart\u00ednez, de gran temporada en Central C\u00f3rdoba de Santiago del Estero.<\/p>\n\n\n\n<p class=\"wp-block-paragraph\">En ese sentido, las negociaciones por Boselli est\u00e1n avanzadas ya que el goleador de 37 a\u00f1os desea continuar en el club, mientras que el lateral izquierdo sanjuanino M\u00e1s tiene el pase en su poder y tambi\u00e9n quiere seguir.<\/p>\n\n\n\n<p class=\"wp-block-paragraph\">En el caso de Morel, el paraguayo pertenece a Guaran\u00ed de su pa\u00eds, que tiene el 80% del pase, y a Lan\u00fas, due\u00f1o del restante 20%, y no est\u00e1 claro si es del inter\u00e9s de Abel Balbo, quien a\u00fan no fue oficializado por el club pero ser\u00e1 el nuevo DT.<\/p>\n\n\n\n<p class=\"wp-block-paragraph\">Precisamente Balbo solicit\u00f3 como prioridad a Alejandro Mart\u00ednez, al que dirigi\u00f3 en Central C\u00f3rdoba este a\u00f1o, y seg\u00fan revel\u00f3 a T\u00e9lam el entorno del jugador su pase se concretar\u00e1 en los pr\u00f3ximos d\u00edas.<\/p>\n\n\n\n<p class=\"wp-block-paragraph\">Por su parte, el mediocampista ofensivo Leonardo Heredia, cuyo pr\u00e9stamo vence el 31 de diciembre y existe una cl\u00e1usula para extenderlo por seis meses m\u00e1s, su situaci\u00f3n no est\u00e1 definida y se aguardar\u00e1 la decisi\u00f3n de Balbo.<\/p>\n\n\n\n<p class=\"wp-block-paragraph\">Los que no continuar\u00e1n en Estudiantes ser\u00e1n Fabi\u00e1n Noguera (tiene el pase en su poder y buscar\u00e1 otros horizontes), Nehu\u00e9n Paz (vuelve a Universidad Cat\u00f3lica) y Hern\u00e1n Toledo (no renovar\u00e1 su pr\u00e9stamo). <\/p>\n","protected":false},"excerpt":{"rendered":"<p>Estudiantes de<\/p>\n","protected":false},"author":1,"featured_media":39574,"comment_status":"closed","ping_status":"closed","sticky":false,"template":"","format":"standard","meta":{"footnotes":""},"categories":[6],"tags":[],"class_list":["post-32038","post","type-post","status-publish","format-standard","has-post-thumbnail","hentry","category-deportes"],"_links":{"self":[{"href":"https:\/\/panoramadelsur.com.ar\/index.php?rest_route=\/wp\/v2\/posts\/32038","targetHints":{"allow":["GET"]}}],"collection":[{"href":"https:\/\/panoramadelsur.com.ar\/index.php?rest_route=\/wp\/v2\/posts"}],"about":[{"href":"https:\/\/panoramadelsur.com.ar\/index.php?rest_route=\/wp\/v2\/types\/post"}],"author":[{"embeddable":true,"href":"https:\/\/panoramadelsur.com.ar\/index.php?rest_route=\/wp\/v2\/users\/1"}],"replies":[{"embeddable":true,"href":"https:\/\/panoramadelsur.com.ar\/index.php?rest_route=%2Fwp%2Fv2%2Fcomments&post=32038"}],"version-history":[{"count":1,"href":"https:\/\/panoramadelsur.com.ar\/index.php?rest_route=\/wp\/v2\/posts\/32038\/revisions"}],"predecessor-version":[{"id":32040,"href":"https:\/\/panoramadelsur.com.ar\/index.php?rest_route=\/wp\/v2\/posts\/32038\/revisions\/32040"}],"wp:featuredmedia":[{"embeddable":true,"href":"https:\/\/panoramadelsur.com.ar\/index.php?rest_route=\/wp\/v2\/media\/39574"}],"wp:attachment":[{"href":"https:\/\/panoramadelsur.com.ar\/index.php?rest_route=%2Fwp%2Fv2%2Fmedia&parent=32038"}],"wp:term":[{"taxonomy":"category","embeddable":true,"href":"https:\/\/panoramadelsur.com.ar\/index.php?rest_route=%2Fwp%2Fv2%2Fcategories&post=32038"},{"taxonomy":"post_tag","embeddable":true,"href":"https:\/\/panoramadelsur.com.ar\/index.php?rest_route=%2Fwp%2Fv2%2Ftags&post=32038"}],"curies":[{"name":"wp","href":"https:\/\/api.w.org\/{rel}","templated":true}]}}