{"id":32045,"date":"2022-11-02T14:10:04","date_gmt":"2022-11-02T17:10:04","guid":{"rendered":"https:\/\/panoramadelsur.com.ar\/?p=32045"},"modified":"2022-11-02T14:10:06","modified_gmt":"2022-11-02T17:10:06","slug":"vence-el-plazo-para-presentar-documentacion-de-asignaciones-familiares-en-buenos-aires","status":"publish","type":"post","link":"https:\/\/panoramadelsur.com.ar\/?p=32045","title":{"rendered":"VENCE EL PLAZO PARA PRESENTAR DOCUMENTACI\u00d3N DE ASIGNACIONES FAMILIARES EN BUENOS AIRES"},"content":{"rendered":"\n<p class=\"wp-block-paragraph\">El Instituto de Previsi\u00f3n Social de la provincia de Buenos Aires inform\u00f3 hoy que el 31 de diciembre vence el plazo para la renovaci\u00f3n de asignaciones familiares para las personas jubiladas y pensionadas, para continuar con la percepci\u00f3n de las mismas y evitar bajas innecesarias.<\/p>\n\n\n\n<p class=\"wp-block-paragraph\">Aquellas personas que se encuentren percibiendo una jubilaci\u00f3n y\/o pensi\u00f3n en el IPS con familiares a cargo, tienen la posibilidad de presentar la documentaci\u00f3n para la renovaci\u00f3n de su asignaci\u00f3n familiar hasta el 31 de diciembre de 2022.<\/p>\n\n\n\n<p class=\"wp-block-paragraph\">El tr\u00e1mite \u201cAsignaci\u00f3n Familiar &#8211; Renovaci\u00f3n\u201d se realiza una sola vez al a\u00f1o y se gestiona \u00edntegramente de forma online a trav\u00e9s de https:\/\/www.ips.gba.gob.ar\/<\/p>\n\n\n\n<p class=\"wp-block-paragraph\">Para el tr\u00e1mite de renovaci\u00f3n, la presentaci\u00f3n de documentaci\u00f3n deber\u00e1 hacerse hasta la fecha indicada, ya que pasada la misma se dispondr\u00e1 la baja inmediata en las planillas de pago. <\/p>\n","protected":false},"excerpt":{"rendered":"<p>El Instituto<\/p>\n","protected":false},"author":1,"featured_media":39574,"comment_status":"closed","ping_status":"closed","sticky":false,"template":"","format":"standard","meta":{"footnotes":""},"categories":[5],"tags":[],"class_list":["post-32045","post","type-post","status-publish","format-standard","has-post-thumbnail","hentry","category-provincia"],"_links":{"self":[{"href":"https:\/\/panoramadelsur.com.ar\/index.php?rest_route=\/wp\/v2\/posts\/32045","targetHints":{"allow":["GET"]}}],"collection":[{"href":"https:\/\/panoramadelsur.com.ar\/index.php?rest_route=\/wp\/v2\/posts"}],"about":[{"href":"https:\/\/panoramadelsur.com.ar\/index.php?rest_route=\/wp\/v2\/types\/post"}],"author":[{"embeddable":true,"href":"https:\/\/panoramadelsur.com.ar\/index.php?rest_route=\/wp\/v2\/users\/1"}],"replies":[{"embeddable":true,"href":"https:\/\/panoramadelsur.com.ar\/index.php?rest_route=%2Fwp%2Fv2%2Fcomments&post=32045"}],"version-history":[{"count":1,"href":"https:\/\/panoramadelsur.com.ar\/index.php?rest_route=\/wp\/v2\/posts\/32045\/revisions"}],"predecessor-version":[{"id":32047,"href":"https:\/\/panoramadelsur.com.ar\/index.php?rest_route=\/wp\/v2\/posts\/32045\/revisions\/32047"}],"wp:featuredmedia":[{"embeddable":true,"href":"https:\/\/panoramadelsur.com.ar\/index.php?rest_route=\/wp\/v2\/media\/39574"}],"wp:attachment":[{"href":"https:\/\/panoramadelsur.com.ar\/index.php?rest_route=%2Fwp%2Fv2%2Fmedia&parent=32045"}],"wp:term":[{"taxonomy":"category","embeddable":true,"href":"https:\/\/panoramadelsur.com.ar\/index.php?rest_route=%2Fwp%2Fv2%2Fcategories&post=32045"},{"taxonomy":"post_tag","embeddable":true,"href":"https:\/\/panoramadelsur.com.ar\/index.php?rest_route=%2Fwp%2Fv2%2Ftags&post=32045"}],"curies":[{"name":"wp","href":"https:\/\/api.w.org\/{rel}","templated":true}]}}