{"id":32052,"date":"2022-11-03T05:51:12","date_gmt":"2022-11-03T08:51:12","guid":{"rendered":"https:\/\/panoramadelsur.com.ar\/?p=32052"},"modified":"2022-11-03T07:58:23","modified_gmt":"2022-11-03T10:58:23","slug":"comienzan-las-inscripciones-para-los-talleres-de-arte-infantil-y-juvenil-en-la-emba","status":"publish","type":"post","link":"https:\/\/panoramadelsur.com.ar\/?p=32052","title":{"rendered":"COMIENZAN LAS INSCRIPCIONES PARA LOS TALLERES DE ARTE INFANTIL Y JUVENIL EN LA EMBA"},"content":{"rendered":"\n<p class=\"wp-block-paragraph\">El Municipio de Quilmes informa que se encuentra abierta la inscripci\u00f3n para el segundo semestre de los talleres gratuitos de arte infantil y juvenil en la Escuela Municipal de Bellas Artes (EMBA), ubicada en calle Sarmiento 625, en el centro de la ciudad.<\/p>\n\n\n\n<p class=\"wp-block-paragraph\">Los talleres disponibles incluyen entre las actividades: pl\u00e1stica y cer\u00e1micas (infantiles de 5 a 12 a\u00f1os y juveniles de 13 a 17 a\u00f1os); m\u00fasica (infantiles de 5 a 8 a\u00f1os y juveniles consultar por inscripci\u00f3n en FOBA); danzas folkl\u00f3ricas (infantiles de 4 a 9 a\u00f1os y juveniles de 10 a 17 a\u00f1os), y teatro (infantiles de 7 a 12 a\u00f1os y juveniles de 13 a 17 a\u00f1os).<\/p>\n\n\n\n<p class=\"wp-block-paragraph\">La inscripci\u00f3n est\u00e1 disponible desde hoy, martes 1 de noviembre, presencialmente en la EMBA, de lunes a viernes de 9 a 20, presentando DNI original y fotocopia, una foto 4&#215;4, certificado de alumno regular de la escuela a la que concurre y pago colaborativo de la cooperadora. En caso de ser menor de edad, el alumno deber\u00e1 concurrir acompa\u00f1ado de un adulto y con la documentaci\u00f3n requerida.<\/p>\n\n\n\n<p class=\"wp-block-paragraph\">Las fechas de las inscripciones (que se har\u00e1n por orden de llegada y hasta agotar vacante) ser\u00e1n: el 1 y 2 de noviembre para quienes tengan 4, 5, 6 y 7 a\u00f1os; 3 y 4 de noviembre para ni\u00f1a\/os de 8, 9 y 10 a\u00f1os; 7 y 9 de noviembre para ni\u00f1a\/os de 11 y 12 a\u00f1os, y el 10 y 11 de noviembre para ni\u00f1a\/os de 13, 14, 15 y 16 a\u00f1os.<\/p>\n\n\n\n<p class=\"wp-block-paragraph\">Los que est\u00e9n cursando el \u00faltimo a\u00f1o de secundaria deber\u00e1n consultar por inscripci\u00f3n a FOBA (Formaci\u00f3n B\u00e1sica). Para conocer los d\u00edas y horarios de los talleres escrib\u00ed a&nbsp;<a href=\"mailto:inscripcionesemba@gmail.com\" target=\"_blank\" rel=\"noreferrer noopener\">inscripcionesemba@gmail.com<\/a>&nbsp;o acercarse a la Preceptor\u00eda de la instituci\u00f3n de lunes a viernes (9 a 20).<\/p>\n","protected":false},"excerpt":{"rendered":"<p>El Municipio<\/p>\n","protected":false},"author":1,"featured_media":39574,"comment_status":"closed","ping_status":"closed","sticky":false,"template":"","format":"standard","meta":{"footnotes":""},"categories":[2],"tags":[],"class_list":["post-32052","post","type-post","status-publish","format-standard","has-post-thumbnail","hentry","category-quilmes"],"_links":{"self":[{"href":"https:\/\/panoramadelsur.com.ar\/index.php?rest_route=\/wp\/v2\/posts\/32052","targetHints":{"allow":["GET"]}}],"collection":[{"href":"https:\/\/panoramadelsur.com.ar\/index.php?rest_route=\/wp\/v2\/posts"}],"about":[{"href":"https:\/\/panoramadelsur.com.ar\/index.php?rest_route=\/wp\/v2\/types\/post"}],"author":[{"embeddable":true,"href":"https:\/\/panoramadelsur.com.ar\/index.php?rest_route=\/wp\/v2\/users\/1"}],"replies":[{"embeddable":true,"href":"https:\/\/panoramadelsur.com.ar\/index.php?rest_route=%2Fwp%2Fv2%2Fcomments&post=32052"}],"version-history":[{"count":1,"href":"https:\/\/panoramadelsur.com.ar\/index.php?rest_route=\/wp\/v2\/posts\/32052\/revisions"}],"predecessor-version":[{"id":32054,"href":"https:\/\/panoramadelsur.com.ar\/index.php?rest_route=\/wp\/v2\/posts\/32052\/revisions\/32054"}],"wp:featuredmedia":[{"embeddable":true,"href":"https:\/\/panoramadelsur.com.ar\/index.php?rest_route=\/wp\/v2\/media\/39574"}],"wp:attachment":[{"href":"https:\/\/panoramadelsur.com.ar\/index.php?rest_route=%2Fwp%2Fv2%2Fmedia&parent=32052"}],"wp:term":[{"taxonomy":"category","embeddable":true,"href":"https:\/\/panoramadelsur.com.ar\/index.php?rest_route=%2Fwp%2Fv2%2Fcategories&post=32052"},{"taxonomy":"post_tag","embeddable":true,"href":"https:\/\/panoramadelsur.com.ar\/index.php?rest_route=%2Fwp%2Fv2%2Ftags&post=32052"}],"curies":[{"name":"wp","href":"https:\/\/api.w.org\/{rel}","templated":true}]}}