{"id":32055,"date":"2022-11-02T15:07:06","date_gmt":"2022-11-02T18:07:06","guid":{"rendered":"https:\/\/panoramadelsur.com.ar\/?p=32055"},"modified":"2022-11-02T15:07:10","modified_gmt":"2022-11-02T18:07:10","slug":"todesca-bocco-las-agendas-con-el-nuevo-gobierno-de-brasil-van-a-ser-muy-buenas","status":"publish","type":"post","link":"https:\/\/panoramadelsur.com.ar\/?p=32055","title":{"rendered":"TODESCA BOCCO: LAS AGENDAS CON EL NUEVO GOBIERNO DE BRASIL \u00abVAN A SER MUY BUENAS\u00bb"},"content":{"rendered":"\n<p class=\"wp-block-paragraph\">La&nbsp;<strong>secretaria de Relaciones Econ\u00f3micas Internacionales, Cecilia Todesca Bocco<\/strong>, asegur\u00f3 este mi\u00e9rcoles que \u00ablas agendas de integraci\u00f3n con el nuevo Gobierno\u00bb electo de Brasil \u00abvan a ser muy buenas y vienen muy a cuento de lo que el mundo est\u00e1 discutiendo\u00bb.<\/p>\n\n\n\n<p class=\"wp-block-paragraph\">En esa l\u00ednea, Todesca Bocco sostuvo que con el pr\u00f3ximo Gobierno existe \u201cuna sinton\u00eda que tiene que ver con los encadenamientos productivos y con integrar a la regi\u00f3n y al Mercosur con el resto del mundo, agregando valor, ciencia y tecnolog\u00eda, y empleo en la regi\u00f3n\u201d.<\/p>\n\n\n\n<p class=\"wp-block-paragraph\">En ese sentido, compar\u00f3 que \u00e9sa propuesta \u201cno es lo mismo que una apertura indiscriminada en la cual nuestros pa\u00edses solamente son proveedores de materias primas y todo el valor que se agrega sucede en otro lugar y por lo tanto el empleo de calidad se genera en otro lugar\u201d.<\/p>\n\n\n\n<p class=\"wp-block-paragraph\">\u201c<strong>Brasil es una econom\u00eda enorme y para las empresas argentinas eso supone un mercado muy importante<\/strong>\u201d, afirm\u00f3 Todesca Bocco a radio 10, y remarc\u00f3 que en la Argentina \u201chay sectores que hoy son estrat\u00e9gicos y que nosotros podemos trabajar en conjunto con Brasil\u00bb.<\/p>\n\n\n\n<p class=\"wp-block-paragraph\">En ese sentido, precis\u00f3 que esos sectores son \u00abenerg\u00eda, alimentos, salud, minerales estrat\u00e9gicos\u00bb, y puntualiz\u00f3 que se trata de \u201cvectores de desarrollo que logran encadenamientos hacia adentro si se hacen las cosas bien\u00bb.<\/p>\n\n\n\n<p class=\"wp-block-paragraph\">\u00abPorque se logran desarrollar todas las empresas proveedoras de bienes y servicios para cada uno de esos sectores, generando trabajo y mercado interno\u00bb, se\u00f1al\u00f3 la funcionaria.<\/p>\n\n\n\n<p class=\"wp-block-paragraph\">Adem\u00e1s, refiri\u00f3 que&nbsp;<strong>en el primer semestre de 2023 \u00abArgentina tendr\u00e1 la presidencia pro t\u00e9mpore del Mercosur\u00bb<\/strong>.<\/p>\n\n\n\n<p class=\"wp-block-paragraph\">En ese marco, adelant\u00f3 que tienen \u00abmuchas propuestas para hacerle a nuestros socios para generar m\u00e1s trabajo y producci\u00f3n nacional y regional\u00bb.<\/p>\n\n\n\n<p class=\"wp-block-paragraph\">\u00abCreemos que es muy importante<strong>&nbsp;potenciar la plataforma que es el Mercosur<\/strong>, porque tenemos todos los recursos estrat\u00e9gicos, sabemos c\u00f3mo producir las cosas, y podemos generar ciencia y tecnolog\u00eda de punta\u201d, concluy\u00f3 Todesca Bosco.<\/p>\n","protected":false},"excerpt":{"rendered":"<p>La&nbsp;secretaria de<\/p>\n","protected":false},"author":1,"featured_media":39574,"comment_status":"closed","ping_status":"closed","sticky":false,"template":"","format":"standard","meta":{"footnotes":""},"categories":[4],"tags":[],"class_list":["post-32055","post","type-post","status-publish","format-standard","has-post-thumbnail","hentry","category-nacionales"],"_links":{"self":[{"href":"https:\/\/panoramadelsur.com.ar\/index.php?rest_route=\/wp\/v2\/posts\/32055","targetHints":{"allow":["GET"]}}],"collection":[{"href":"https:\/\/panoramadelsur.com.ar\/index.php?rest_route=\/wp\/v2\/posts"}],"about":[{"href":"https:\/\/panoramadelsur.com.ar\/index.php?rest_route=\/wp\/v2\/types\/post"}],"author":[{"embeddable":true,"href":"https:\/\/panoramadelsur.com.ar\/index.php?rest_route=\/wp\/v2\/users\/1"}],"replies":[{"embeddable":true,"href":"https:\/\/panoramadelsur.com.ar\/index.php?rest_route=%2Fwp%2Fv2%2Fcomments&post=32055"}],"version-history":[{"count":1,"href":"https:\/\/panoramadelsur.com.ar\/index.php?rest_route=\/wp\/v2\/posts\/32055\/revisions"}],"predecessor-version":[{"id":32057,"href":"https:\/\/panoramadelsur.com.ar\/index.php?rest_route=\/wp\/v2\/posts\/32055\/revisions\/32057"}],"wp:featuredmedia":[{"embeddable":true,"href":"https:\/\/panoramadelsur.com.ar\/index.php?rest_route=\/wp\/v2\/media\/39574"}],"wp:attachment":[{"href":"https:\/\/panoramadelsur.com.ar\/index.php?rest_route=%2Fwp%2Fv2%2Fmedia&parent=32055"}],"wp:term":[{"taxonomy":"category","embeddable":true,"href":"https:\/\/panoramadelsur.com.ar\/index.php?rest_route=%2Fwp%2Fv2%2Fcategories&post=32055"},{"taxonomy":"post_tag","embeddable":true,"href":"https:\/\/panoramadelsur.com.ar\/index.php?rest_route=%2Fwp%2Fv2%2Ftags&post=32055"}],"curies":[{"name":"wp","href":"https:\/\/api.w.org\/{rel}","templated":true}]}}