{"id":32064,"date":"2022-11-02T15:54:42","date_gmt":"2022-11-02T18:54:42","guid":{"rendered":"https:\/\/panoramadelsur.com.ar\/?p=32064"},"modified":"2022-11-02T15:54:44","modified_gmt":"2022-11-02T18:54:44","slug":"boca-le-hizo-una-nueva-oferta-al-arquero-rossi-para-renovar-su-contrato","status":"publish","type":"post","link":"https:\/\/panoramadelsur.com.ar\/?p=32064","title":{"rendered":"BOCA LE HIZO UNA NUEVA OFERTA AL ARQUERO ROSSI PARA RENOVAR SU CONTRATO"},"content":{"rendered":"\n<p class=\"wp-block-paragraph\">El consejo de f\u00fatbol de Boca Juniors le hizo hoy una nueva oferta de renovaci\u00f3n a Agustin Rossi, a quien se le vence su contrato el 30 de junio de 2023, para que el arquero lo analice junto con su familia.<\/p>\n\n\n\n<p class=\"wp-block-paragraph\">Jorge Berm\u00fadez y Marcelo Delgado, integrantes de la secretar\u00eda de f\u00fatbol de Boca, se reunieron esta ma\u00f1ana con el representante del futbolista, Miguel Gonz\u00e1lez, quien hab\u00eda sido muy cr\u00edtico en su momento respecto de los dirigentes boquenses por ser inflexibles en las negociaciones que hab\u00edan comenzado a principios de agosto.<\/p>\n\n\n\n<p class=\"wp-block-paragraph\">Esta vez, seg\u00fan dijeron desde ambas partes a T\u00e9lam, hubo una mejora por parte de Boca: se elevaron algunos n\u00fameros y se podr\u00edan acortar los tiempos del contrato, que ser\u00eda por dos a\u00f1os, y en la propuesta anterior era hasta diciembre de 2026.<\/p>\n\n\n\n<p class=\"wp-block-paragraph\">En Boca ahora son optimistas con la continuidad del jugador, aunque de llegar a un acuerdo saben que tampoco ser\u00eda por mucho tiempo que se quede en el \u00abxeneize\u00bb, ya que tendr\u00eda dos ofertas concretas del f\u00fatbol italiano.<\/p>\n\n\n\n<p class=\"wp-block-paragraph\">Pero una cosa es que se vaya con el pase en su poder y otra que el club pueda sacar alg\u00fan r\u00e9dito en una posible transferencia.<\/p>\n\n\n\n<p class=\"wp-block-paragraph\">Rossi, la gran figura del equipo en esta temporada, si no renovase el v\u00ednculo con Boca podr\u00eda empezar a dialogar en enero de 2023 con otro club con el pase en su poder, aunque su contrato vence a mitad de a\u00f1o.<\/p>\n\n\n\n<p class=\"wp-block-paragraph\">De concretarse la renovaci\u00f3n, el guardavalla pasar\u00eda a ser el mejor contrato del bicampe\u00f3n del f\u00fatbol argentino.<\/p>\n\n\n\n<p class=\"wp-block-paragraph\">\u201cTuvimos un buen encuentro y a la tarde me voy a reunir con Rossi para evaluar la oferta. Quiero que Agust\u00edn y su familia analicen todo y puedan tomar una decisi\u00f3n\u201d, se\u00f1al\u00f3 hoy el representante Gonz\u00e1lez a los medios de prensa en el predio de Ezeiza, a la salida de la reuni\u00f3n.<\/p>\n\n\n\n<p class=\"wp-block-paragraph\">De parte de la dirigencia boquense, el \u00faltimo en hablar del tema fue hace uno d\u00edas Juan Rom\u00e1n Riquelme, quien en di\u00e1logo con ESPN expres\u00f3: \u00abQueremos que se quede con nosotros por muchos a\u00f1os m\u00e1s. El representante tambi\u00e9n tiene que ayudar. Que entre todos busquemos la soluci\u00f3n para que \u00e9l (Rossi) siga\u00bb.<\/p>\n\n\n\n<p class=\"wp-block-paragraph\">D\u00edas atr\u00e1s, cuando le entregaron el premio Alumni como mejor futbolista del a\u00f1o, Rossi fue m\u00e1s cauto: \u00abVoy a seguir jugando y entrenando como hasta ahora para ayudar desde el lugar que me toque. Al menos hasta junio voy a ser jugador de Boca, no se qu\u00e9 pasar despu\u00e9s\u00bb, dijo entonces.<\/p>\n\n\n\n<p class=\"wp-block-paragraph\">Seguramente, la semana pr\u00f3xima puede haber novedades con este tema, que es de suma importancia para quienes conducen el f\u00fatbol en el club de la Ribera.<\/p>\n\n\n\n<p class=\"wp-block-paragraph\">En tanto, ayer hubo una nueva comunicaci\u00f3n entre la dirigencia de Boca y sus pares de Hurac\u00e1n por el pase de Lucas Merolla, quien tiene contrato con el \u00abGlobo\u00bb hasta junio de 2023 y por el cual Boca est\u00e1 interesado, para que reemplace al lesionado Marcos Rojo, quien estar\u00e1 fuera de las canchas hasta mediados del a\u00f1o pr\u00f3ximo.<\/p>\n\n\n\n<p class=\"wp-block-paragraph\">Boca ofrecer\u00eda dinero y el pase de un jugador, que podr\u00eda ser Norberto Briasco, quien en junio de 2021 lleg\u00f3 al \u00abxeneize\u00bb desde el club de Parque Patricios.<\/p>\n\n\n\n<p class=\"wp-block-paragraph\">En tanto, el plantel se volvi\u00f3 a entrenar hoy con la mira puesta en el partido del domingo, a disputarse en el estadio La Pedrera de San Luis, por el Trofeo de Campeones ante el ganador del encuentro entre Tigre y Racing.<\/p>\n\n\n\n<p class=\"wp-block-paragraph\">La idea del cuerpo t\u00e9cnico es poner en San Luis a la mayor\u00eda de los titulares. Las dudas est\u00e1n en las presencias de Frank Fabra y Dar\u00edo Bendetto, afectados por problemas f\u00edsicos.<\/p>\n\n\n\n<p class=\"wp-block-paragraph\">Ma\u00f1ana, en la pr\u00e1ctica de f\u00fatbol, el t\u00e9cnico Hugo Ibarra dispondr\u00e1 en cancha el posible once que jugar\u00e1 el fin de semana. <\/p>\n","protected":false},"excerpt":{"rendered":"<p>El consejo<\/p>\n","protected":false},"author":1,"featured_media":39574,"comment_status":"closed","ping_status":"closed","sticky":false,"template":"","format":"standard","meta":{"footnotes":""},"categories":[6],"tags":[22,29,50],"class_list":["post-32064","post","type-post","status-publish","format-standard","has-post-thumbnail","hentry","category-deportes","tag-futbol","tag-liga-profesional","tag-lpf"],"_links":{"self":[{"href":"https:\/\/panoramadelsur.com.ar\/index.php?rest_route=\/wp\/v2\/posts\/32064","targetHints":{"allow":["GET"]}}],"collection":[{"href":"https:\/\/panoramadelsur.com.ar\/index.php?rest_route=\/wp\/v2\/posts"}],"about":[{"href":"https:\/\/panoramadelsur.com.ar\/index.php?rest_route=\/wp\/v2\/types\/post"}],"author":[{"embeddable":true,"href":"https:\/\/panoramadelsur.com.ar\/index.php?rest_route=\/wp\/v2\/users\/1"}],"replies":[{"embeddable":true,"href":"https:\/\/panoramadelsur.com.ar\/index.php?rest_route=%2Fwp%2Fv2%2Fcomments&post=32064"}],"version-history":[{"count":1,"href":"https:\/\/panoramadelsur.com.ar\/index.php?rest_route=\/wp\/v2\/posts\/32064\/revisions"}],"predecessor-version":[{"id":32066,"href":"https:\/\/panoramadelsur.com.ar\/index.php?rest_route=\/wp\/v2\/posts\/32064\/revisions\/32066"}],"wp:featuredmedia":[{"embeddable":true,"href":"https:\/\/panoramadelsur.com.ar\/index.php?rest_route=\/wp\/v2\/media\/39574"}],"wp:attachment":[{"href":"https:\/\/panoramadelsur.com.ar\/index.php?rest_route=%2Fwp%2Fv2%2Fmedia&parent=32064"}],"wp:term":[{"taxonomy":"category","embeddable":true,"href":"https:\/\/panoramadelsur.com.ar\/index.php?rest_route=%2Fwp%2Fv2%2Fcategories&post=32064"},{"taxonomy":"post_tag","embeddable":true,"href":"https:\/\/panoramadelsur.com.ar\/index.php?rest_route=%2Fwp%2Fv2%2Ftags&post=32064"}],"curies":[{"name":"wp","href":"https:\/\/api.w.org\/{rel}","templated":true}]}}