{"id":32067,"date":"2022-11-02T16:00:31","date_gmt":"2022-11-02T19:00:31","guid":{"rendered":"https:\/\/panoramadelsur.com.ar\/?p=32067"},"modified":"2022-11-02T16:00:34","modified_gmt":"2022-11-02T19:00:34","slug":"santoro-estimo-que-no-hay-condiciones-para-modificar-el-sistema-de-las-paso","status":"publish","type":"post","link":"https:\/\/panoramadelsur.com.ar\/?p=32067","title":{"rendered":"SANTORO ESTIM\u00d3 QUE NO HAY CONDICIONES PARA MODIFICAR EL SISTEMA DE LAS PASO"},"content":{"rendered":"\n<p class=\"wp-block-paragraph\">El diputado nacional por el Frente de Todos (FdT), Leandro Santoro, evalu\u00f3 hoy como \u00abun error estrat\u00e9gico y \u00e9tico\u00bb suspender las elecciones primarias, abiertas, simult\u00e1neas y obligatorias (PASO) como proponen sectores que componen la coalici\u00f3n oficialista y adem\u00e1s sostuvo que \u00abno hay condiciones para modificar\u00bb esos comicios.<\/p>\n\n\n\n<p class=\"wp-block-paragraph\">\u00abEs un error estrat\u00e9gico y \u00e9tico. Nosotros no podemos cambiar las reglas de juego electoral a seis meses del cierre de listas. Es un error. No hay condiciones para modificar las PASO\u00bb, afirm\u00f3 el diputado porte\u00f1o en declaraciones a Radio El Destape.<\/p>\n\n\n\n<p class=\"wp-block-paragraph\">Mientras dirigentes kirchneristas y gobernadores se expresan a favor de suspender las PASO del a\u00f1o pr\u00f3ximo, el propio jefe de Estado quien en reiteras oportunidades se manifest\u00f3 a favor de sostener la continuidad de las PASO.<\/p>\n\n\n\n<p class=\"wp-block-paragraph\">En una entrevista radial, Alberto Fern\u00e1ndez sostuvo que \u201clo mejor es que la gente vote\u201d y consider\u00f3 que las PASO \u201cson un gran instrumento creado durante el Gobierno de Cristina (Fern\u00e1ndez de Kirchner) que le permitieron a la sociedad meterse en los partidos pol\u00edticos\u201d.<\/p>\n\n\n\n<p class=\"wp-block-paragraph\">En ese contexto, el diputado Santoro analiz\u00f3 la situaci\u00f3n pol\u00edtica del oficialismo y de la oposici\u00f3n respecto a una hipot\u00e9tica eliminaci\u00f3n de las PASO de 2023 y estim\u00f3 que un cambio de las reglas electorales \u00abunir\u00eda a Juntos por el Cambio en vez de perjudicarlo\u00bb.<\/p>\n\n\n\n<p class=\"wp-block-paragraph\">Sobre la coalici\u00f3n oficialista frente a la estrategia electoral del a\u00f1o pr\u00f3ximo, Santoro observ\u00f3 que el FdT tiene que \u201cencarar la elecci\u00f3n del a\u00f1o que viene con esperanza\u201d porque \u201csi no generamos un shock de confianza, este pa\u00eds es ingobernable para cualquiera\u201d.<\/p>\n\n\n\n<p class=\"wp-block-paragraph\">Con respecto a la oposici\u00f3n, Santoro, quien es de origen radical, advirti\u00f3 que \u201chay que distinguir entre una oposici\u00f3n que es antidemocr\u00e1tica y una oposici\u00f3n que a pesar de que tiene una mirada econ\u00f3mica distinta entiende que hay que generar un marco de convivencia razonable\u201d.<\/p>\n\n\n\n<p class=\"wp-block-paragraph\">\u201cCreo que hay un sector de la derecha argentina que entiende que la ultraderecha es un problema y ah\u00ed pongo al radicalismo\u201d, agreg\u00f3 Santoro, que lidera la agrupaci\u00f3n radical \u2018Los Irrompibles\u2019. <\/p>\n","protected":false},"excerpt":{"rendered":"<p>El diputado<\/p>\n","protected":false},"author":1,"featured_media":39574,"comment_status":"closed","ping_status":"closed","sticky":false,"template":"","format":"standard","meta":{"footnotes":""},"categories":[4],"tags":[99,515,59,516],"class_list":["post-32067","post","type-post","status-publish","format-standard","has-post-thumbnail","hentry","category-nacionales","tag-frente-de-todos","tag-leandro-santoro","tag-nacionales","tag-paso"],"_links":{"self":[{"href":"https:\/\/panoramadelsur.com.ar\/index.php?rest_route=\/wp\/v2\/posts\/32067","targetHints":{"allow":["GET"]}}],"collection":[{"href":"https:\/\/panoramadelsur.com.ar\/index.php?rest_route=\/wp\/v2\/posts"}],"about":[{"href":"https:\/\/panoramadelsur.com.ar\/index.php?rest_route=\/wp\/v2\/types\/post"}],"author":[{"embeddable":true,"href":"https:\/\/panoramadelsur.com.ar\/index.php?rest_route=\/wp\/v2\/users\/1"}],"replies":[{"embeddable":true,"href":"https:\/\/panoramadelsur.com.ar\/index.php?rest_route=%2Fwp%2Fv2%2Fcomments&post=32067"}],"version-history":[{"count":1,"href":"https:\/\/panoramadelsur.com.ar\/index.php?rest_route=\/wp\/v2\/posts\/32067\/revisions"}],"predecessor-version":[{"id":32069,"href":"https:\/\/panoramadelsur.com.ar\/index.php?rest_route=\/wp\/v2\/posts\/32067\/revisions\/32069"}],"wp:featuredmedia":[{"embeddable":true,"href":"https:\/\/panoramadelsur.com.ar\/index.php?rest_route=\/wp\/v2\/media\/39574"}],"wp:attachment":[{"href":"https:\/\/panoramadelsur.com.ar\/index.php?rest_route=%2Fwp%2Fv2%2Fmedia&parent=32067"}],"wp:term":[{"taxonomy":"category","embeddable":true,"href":"https:\/\/panoramadelsur.com.ar\/index.php?rest_route=%2Fwp%2Fv2%2Fcategories&post=32067"},{"taxonomy":"post_tag","embeddable":true,"href":"https:\/\/panoramadelsur.com.ar\/index.php?rest_route=%2Fwp%2Fv2%2Ftags&post=32067"}],"curies":[{"name":"wp","href":"https:\/\/api.w.org\/{rel}","templated":true}]}}