{"id":32070,"date":"2022-11-02T16:07:33","date_gmt":"2022-11-02T19:07:33","guid":{"rendered":"https:\/\/panoramadelsur.com.ar\/?p=32070"},"modified":"2022-11-02T16:07:41","modified_gmt":"2022-11-02T19:07:41","slug":"perczyk-entrego-mas-de-1-000-notebooks-en-el-municipio-bonaerense-de-almirante-brown","status":"publish","type":"post","link":"https:\/\/panoramadelsur.com.ar\/?p=32070","title":{"rendered":"PERCZYK ENTREG\u00d3 M\u00c1S DE 1.000 NOTEBOOKS EN EL MUNICIPIO BONAERENSE DE ALMIRANTE BROWN"},"content":{"rendered":"\n<p class=\"wp-block-paragraph\">El ministro de Educaci\u00f3n, Jaime Perczyk, entreg\u00f3 m\u00e1s de mil netbooks de las 5.775 que recibir\u00e1n los estudiantes del municipio de Almirante Brown, y destac\u00f3 que el Gobierno nacional \u201chace un esfuerzo muy grande para que todos los y las alumnas de segundo a\u00f1o de la escuela secundaria\u201d tengan su computadora, se inform\u00f3 hoy oficialmente.<\/p>\n\n\n\n<p class=\"wp-block-paragraph\">Perczyk detall\u00f3 que \u201cla Argentina tiene m\u00e1s de 2.500 municipios y ac\u00e1, como en el resto del pa\u00eds, antes de fin de a\u00f1o las y los estudiantes de segundo a\u00f1o de la escuela secundaria y los de 1ero, 2do y 3ero de las escuelas rurales van a recibir sus netbooks\u201d del Programa Conectar Igualdad.<\/p>\n\n\n\n<p class=\"wp-block-paragraph\">\u201cEn un momento no hubo m\u00e1s computadoras porque se decidi\u00f3 que las chicas y los chicos no ten\u00edan que recibirlas. Nosotros pensamos lo contrario, y por eso hay un esfuerzo econ\u00f3mico muy grande para que ustedes puedan tenerla\u201d, resalt\u00f3.<\/p>\n\n\n\n<p class=\"wp-block-paragraph\">Detall\u00f3 que \u201ccada computadora tiene el nombre y el documento de cada una y cada uno porque es personalizada y est\u00e1 pensada para cada piba y cada pibe de la secundaria argentina porque es un derecho que tienen para estudiar, para ir a la escuela, para hacer arte, para comunicarse y para aprender m\u00e1s y mejor\u201d.<\/p>\n\n\n\n<p class=\"wp-block-paragraph\">\u201cVayan a la escuela, estudien y despu\u00e9s vayan a la universidad porque ustedes pueden hacer un pa\u00eds mejor\u201d, alent\u00f3 a los estudiantes en el acto.<\/p>\n\n\n\n<p class=\"wp-block-paragraph\">El diputado provincial e intendente de Almirante Brown en uso de licencia, Mariano Cascallares, agradeci\u00f3 al ministro nacional y a todo su equipo por la visita y por el avance con esta pol\u00edtica p\u00fablica.<\/p>\n\n\n\n<p class=\"wp-block-paragraph\">\u201cEn un mundo globalizado donde hace falta tener el aporte de la tecnolog\u00eda, contar con una herramienta como esta es una noticia important\u00edsima\u201d, dijo.<\/p>\n\n\n\n<p class=\"wp-block-paragraph\">Y agreg\u00f3 que \u201chace falta tener much\u00edsima vocaci\u00f3n para trabajar en nuestras escuelas, y nuestros docentes la tienen. Como municipio nos sentimos orgullosos de trabajar coordinadamente\u201d.<\/p>\n\n\n\n<p class=\"wp-block-paragraph\">\u201cEstamos entre los primeros municipios del pa\u00eds en tener a todas las escuelas conectadas a internet para que podamos usar la netbook de la mejor manera\u201d, remarc\u00f3.<\/p>\n\n\n\n<p class=\"wp-block-paragraph\">Por su parte, el intendente interino municipal, Juan Fabiani, sostuvo que est\u00e1n \u00abrecuperando una pol\u00edtica muy importante que se discontinu\u00f3. Hoy estamos terminando la entrega en todos los segundos a\u00f1os, unos 6 mil alumnos, que vuelven a tener este derecho\u201d.<\/p>\n\n\n\n<p class=\"wp-block-paragraph\">\u201cSeguramente muchos tienen computadoras, pero el derecho es que todos y todas tengan y achicar la brecha digital. El Estado debe garantizar este derecho y esperamos que la utilicen para aprender y divertirse\u201d, subray\u00f3 .<\/p>\n\n\n\n<p class=\"wp-block-paragraph\">Con esta entrega, se inicia el proceso por el cual el municipio recibir\u00e1 5.775 computadoras en 71 instituciones educativas de nivel secundario. Durante el \u00faltimo a\u00f1o, ya fueron entregadas 1.289 netbooks en 16 escuelas.<\/p>\n\n\n\n<p class=\"wp-block-paragraph\">Conectar Igualdad es una pol\u00edtica de inclusi\u00f3n digital del Ministerio de Educaci\u00f3n de la Naci\u00f3n para la distribuci\u00f3n de material educativo y tecnol\u00f3gico y conectividad. <\/p>\n","protected":false},"excerpt":{"rendered":"<p>El ministro<\/p>\n","protected":false},"author":1,"featured_media":39574,"comment_status":"closed","ping_status":"closed","sticky":false,"template":"","format":"standard","meta":{"footnotes":""},"categories":[3],"tags":[463],"class_list":["post-32070","post","type-post","status-publish","format-standard","has-post-thumbnail","hentry","category-regionales","tag-almirante-brown"],"_links":{"self":[{"href":"https:\/\/panoramadelsur.com.ar\/index.php?rest_route=\/wp\/v2\/posts\/32070","targetHints":{"allow":["GET"]}}],"collection":[{"href":"https:\/\/panoramadelsur.com.ar\/index.php?rest_route=\/wp\/v2\/posts"}],"about":[{"href":"https:\/\/panoramadelsur.com.ar\/index.php?rest_route=\/wp\/v2\/types\/post"}],"author":[{"embeddable":true,"href":"https:\/\/panoramadelsur.com.ar\/index.php?rest_route=\/wp\/v2\/users\/1"}],"replies":[{"embeddable":true,"href":"https:\/\/panoramadelsur.com.ar\/index.php?rest_route=%2Fwp%2Fv2%2Fcomments&post=32070"}],"version-history":[{"count":1,"href":"https:\/\/panoramadelsur.com.ar\/index.php?rest_route=\/wp\/v2\/posts\/32070\/revisions"}],"predecessor-version":[{"id":32072,"href":"https:\/\/panoramadelsur.com.ar\/index.php?rest_route=\/wp\/v2\/posts\/32070\/revisions\/32072"}],"wp:featuredmedia":[{"embeddable":true,"href":"https:\/\/panoramadelsur.com.ar\/index.php?rest_route=\/wp\/v2\/media\/39574"}],"wp:attachment":[{"href":"https:\/\/panoramadelsur.com.ar\/index.php?rest_route=%2Fwp%2Fv2%2Fmedia&parent=32070"}],"wp:term":[{"taxonomy":"category","embeddable":true,"href":"https:\/\/panoramadelsur.com.ar\/index.php?rest_route=%2Fwp%2Fv2%2Fcategories&post=32070"},{"taxonomy":"post_tag","embeddable":true,"href":"https:\/\/panoramadelsur.com.ar\/index.php?rest_route=%2Fwp%2Fv2%2Ftags&post=32070"}],"curies":[{"name":"wp","href":"https:\/\/api.w.org\/{rel}","templated":true}]}}