{"id":32079,"date":"2022-11-02T16:39:04","date_gmt":"2022-11-02T19:39:04","guid":{"rendered":"https:\/\/panoramadelsur.com.ar\/?p=32079"},"modified":"2022-11-02T16:39:09","modified_gmt":"2022-11-02T19:39:09","slug":"kicillof-inauguro-el-edificio-escolar-114-de-su-gestion-y-destaco-el-valor-de-la-escuela-publica","status":"publish","type":"post","link":"https:\/\/panoramadelsur.com.ar\/?p=32079","title":{"rendered":"KICILLOF INAUGUR\u00d3 EL EDIFICIO ESCOLAR 114 DE SU GESTI\u00d3N Y DESTAC\u00d3 EL VALOR DE LA ESCUELA P\u00daBLICA"},"content":{"rendered":"\n<p class=\"wp-block-paragraph\">El gobernador de la provincia de Buenos Aires, Axel Kicillof, inaugur\u00f3 hoy el establecimiento educativo n\u00famero 114 de su gesti\u00f3n y asegur\u00f3 que pese a que \u00abhay quienes no creen en la escuela p\u00fablica\u00bb, \u00e9l considera que sin esa instituci\u00f3n, el distrito \u00abno tiene destino\u00bb.<\/p>\n\n\n\n<p class=\"wp-block-paragraph\">\u00abHicimos una enorme inversi\u00f3n en educaci\u00f3n para hacer escuelas nuevas y arreglar las que estaban en ruinas. Hay quienes no creen en la escuela p\u00fablica, yo s\u00ed. Creo que sin la escuela p\u00fablica nuestra provincia no tiene destino\u00bb, expuso Kicillof.<\/p>\n\n\n\n<p class=\"wp-block-paragraph\">El mandatario provincial formul\u00f3 estas declaraciones en Campana, al encabezar junto al intendente Sebasti\u00e1n Abella y el director general de Cultura y Educaci\u00f3n, Alberto Sileoni, la inauguraci\u00f3n de la Escuela Secundaria N\u00b014, financiada por los gobiernos nacional y provincial.<\/p>\n\n\n\n<p class=\"wp-block-paragraph\">Kicillof cont\u00f3 que la obra de ese establecimiento \u00abse empez\u00f3 en el gobierno anterior, qued\u00f3 al 60% y nosotros decidimos continuarla y terminarla\u00bb y rememor\u00f3 que la exgobernadora Mar\u00eda Eugenia Vidal hizo 65 nuevos edificios escolares, mientras que su administraci\u00f3n lleva 114 en tres a\u00f1os.<\/p>\n\n\n\n<p class=\"wp-block-paragraph\">\u00abEstos son barrios que tienen necesidades pendientes. Debemos ir cumpliendo con cada una de ellas. Cuando hay una necesidad en un barrio o en una zona, hay costos. Pero mirarlo desde esa perspectiva cuenta solo un pedacito de la historia\u00bb, prosigui\u00f3.<\/p>\n\n\n\n<p class=\"wp-block-paragraph\">En ese marco, Kicillof critic\u00f3 al juez de la Corte Suprema, Carlos Rosenkrantz, quien en junio pasado expres\u00f3 que \u00abno puede haber un derecho detr\u00e1s de cada necesidad\u00bb al aseverar que \u00abyo no creo eso. Yo pienso que donde hay una necesidad, una escuela o un hospital, hay un derecho\u00bb.<\/p>\n\n\n\n<p class=\"wp-block-paragraph\">As\u00ed, continu\u00f3: \u00abDonde hay un derecho, hay una obligaci\u00f3n para los que gobernamos. Hay mil dificultades, pero hay que hacerlo\u00bb.<\/p>\n\n\n\n<p class=\"wp-block-paragraph\">Posteriormente, el gobernador indic\u00f3 que en la actualidad \u00abse habla mucho de la libertad\u00bb y, refiri\u00e9ndose a los j\u00f3venes presentes, les dijo: \u00absi no est\u00e1 la escuela que les de formaci\u00f3n y los prepare, de manera libre y gratuita, esa libertad no estar\u00e1 porque no podr\u00e1n conseguir un buen laburo ni tener una buena vida\u00bb.<\/p>\n\n\n\n<p class=\"wp-block-paragraph\">De esa manera, consider\u00f3 que es el Estado el que \u00abdebe garantizar esos derechos\u00bb y a\u00f1adi\u00f3 que \u00e9l cree que \u00aben la libertad de opini\u00f3n, de organizaci\u00f3n y en la libertad pol\u00edtica\u00bb.<\/p>\n\n\n\n<p class=\"wp-block-paragraph\">\u00abCreo en los centros de estudiantes, creo que los pibes y pibas tienen que expresarse y pelear por lo suyo. Creo en los centros de estudiantes. Est\u00e1 muy bien que pidan y demanden. Faltan millones de cosas y nosotros tenemos que saberlas, sentirlas y solucionarlas\u00bb, subray\u00f3 Kicillof.<\/p>\n\n\n\n<p class=\"wp-block-paragraph\">Finalmente, les pidi\u00f3 a las y los estudiantes \u00abcuidar la escuela, a sus maestras e ir por m\u00e1s\u00bb ya que \u00abnadie los tiene que parar\u00bb.<\/p>\n\n\n\n<p class=\"wp-block-paragraph\">A su turno, Sileoni destac\u00f3 que el gobierno bonaerense ya finaliz\u00f3 \u00ab5.000 obras\u00bb en todo el territorio, dijo que \u00abel presupuesto para el a\u00f1o que viene es el 11% m\u00e1s grande que el del actual\u00bb y puso de relieve que el dinero destinado a trabajos de infraestructura en 2023 ser\u00e1 de \u00ab25.000 millones de pesos\u00bb.<\/p>\n\n\n\n<p class=\"wp-block-paragraph\">\u00abQuiero destacar el valor de la escuela p\u00fablica, que no son solo ladrillos, sino amor y convivencia\u00bb, cerr\u00f3. <\/p>\n","protected":false},"excerpt":{"rendered":"<p>El gobernador<\/p>\n","protected":false},"author":1,"featured_media":39574,"comment_status":"closed","ping_status":"closed","sticky":false,"template":"","format":"standard","meta":{"footnotes":""},"categories":[5],"tags":[28,27],"class_list":["post-32079","post","type-post","status-publish","format-standard","has-post-thumbnail","hentry","category-provincia","tag-gba","tag-provincia"],"_links":{"self":[{"href":"https:\/\/panoramadelsur.com.ar\/index.php?rest_route=\/wp\/v2\/posts\/32079","targetHints":{"allow":["GET"]}}],"collection":[{"href":"https:\/\/panoramadelsur.com.ar\/index.php?rest_route=\/wp\/v2\/posts"}],"about":[{"href":"https:\/\/panoramadelsur.com.ar\/index.php?rest_route=\/wp\/v2\/types\/post"}],"author":[{"embeddable":true,"href":"https:\/\/panoramadelsur.com.ar\/index.php?rest_route=\/wp\/v2\/users\/1"}],"replies":[{"embeddable":true,"href":"https:\/\/panoramadelsur.com.ar\/index.php?rest_route=%2Fwp%2Fv2%2Fcomments&post=32079"}],"version-history":[{"count":1,"href":"https:\/\/panoramadelsur.com.ar\/index.php?rest_route=\/wp\/v2\/posts\/32079\/revisions"}],"predecessor-version":[{"id":32081,"href":"https:\/\/panoramadelsur.com.ar\/index.php?rest_route=\/wp\/v2\/posts\/32079\/revisions\/32081"}],"wp:featuredmedia":[{"embeddable":true,"href":"https:\/\/panoramadelsur.com.ar\/index.php?rest_route=\/wp\/v2\/media\/39574"}],"wp:attachment":[{"href":"https:\/\/panoramadelsur.com.ar\/index.php?rest_route=%2Fwp%2Fv2%2Fmedia&parent=32079"}],"wp:term":[{"taxonomy":"category","embeddable":true,"href":"https:\/\/panoramadelsur.com.ar\/index.php?rest_route=%2Fwp%2Fv2%2Fcategories&post=32079"},{"taxonomy":"post_tag","embeddable":true,"href":"https:\/\/panoramadelsur.com.ar\/index.php?rest_route=%2Fwp%2Fv2%2Ftags&post=32079"}],"curies":[{"name":"wp","href":"https:\/\/api.w.org\/{rel}","templated":true}]}}