{"id":32082,"date":"2022-11-04T01:03:00","date_gmt":"2022-11-04T04:03:00","guid":{"rendered":"https:\/\/panoramadelsur.com.ar\/?p=32082"},"modified":"2022-11-02T16:48:21","modified_gmt":"2022-11-02T19:48:21","slug":"berazategui-servicios-municipales-de-guardia-el-4-y-7-de-noviembre","status":"publish","type":"post","link":"https:\/\/panoramadelsur.com.ar\/?p=32082","title":{"rendered":"BERAZATEGUI: SERVICIOS MUNICIPALES DE GUARDIA EL 4 Y 7 DE NOVIEMBRE"},"content":{"rendered":"\n<p class=\"wp-block-paragraph\" id=\"geom_inter_1667418183622_55_5\"><strong>La Municipalidad de Berazategui informa c\u00f3mo funcionar\u00e1n las distintas dependencias durante este viernes 4 y el lunes 7 de noviembre, con motivo del 62\u00b0 aniversario de la Autonom\u00eda de la ciudad y el asueto administrativo por el D\u00eda del Empleado municipal, respectivamente.<\/strong><\/p>\n\n\n\n<p class=\"wp-block-paragraph\">En primer lugar, se solicita no sacar los residuos domiciliarios el domingo 6 de noviembre y hacerlo a partir del lunes 7, en su horario habitual de 19.00 a 21.00.<\/p>\n\n\n\n<p class=\"wp-block-paragraph\">Para urgencias m\u00e9dicas, estos ser\u00e1n los Centros de Atenci\u00f3n Primaria de Salud (CAPS) que permanecer\u00e1n de guardia las 24 horas:<\/p>\n\n\n\n<p class=\"wp-block-paragraph\">&#8211; CAPS N\u00b0 1 \u201cDr. Javier S\u00e1batto\u201d, Av. 14 e\/ 131 y 132, Berazategui Oeste.<\/p>\n\n\n\n<p class=\"wp-block-paragraph\">&#8211; CAPS N\u00b0 2, calle 159 e\/ 54 y 55, Hudson.<\/p>\n\n\n\n<p class=\"wp-block-paragraph\">&#8211; CAPS N\u00b0 3, calle 457 A y 415, Guti\u00e9rrez.<\/p>\n\n\n\n<p class=\"wp-block-paragraph\">&#8211; CAPS N\u00b0 5, calle 159 B e\/ 23 y 24, Berazategui.<\/p>\n\n\n\n<p class=\"wp-block-paragraph\">&#8211; CAPS N\u00b0 11, calle 517 y 611, Ruta 36 km 38,5, El Pato.<\/p>\n\n\n\n<p class=\"wp-block-paragraph\">&#8211; CAPS N\u00b0 14, calle 151 A y 35, Pl\u00e1tanos.<\/p>\n\n\n\n<p class=\"wp-block-paragraph\">Adem\u00e1s, estar\u00e1 disponible el servicio de ambulancias y de atenci\u00f3n de emergencias m\u00e9dicas (CEM), comunic\u00e1ndose al 107 -solo desde un tel\u00e9fono fijo-; o al 4391-1067 -tambi\u00e9n desde un celular-.<\/p>\n\n\n\n<p class=\"wp-block-paragraph\" id=\"geom_inter_1667418192216_23_13\">El servicio de Alumbrado P\u00fablico estar\u00e1 a disposici\u00f3n para atender urgencias el\u00e9ctricas; al igual que Servicios Sanitarios, que garantizar\u00e1 las de agua y desobstrucci\u00f3n de cloacas.<\/p>\n\n\n\n<p class=\"wp-block-paragraph\">Asimismo, el Cementerio Parque Municipal de Berazategui, ubicado en Av. Milazzo y 368, atender\u00e1 consultas administrativas de 8.00 a 13.00 y permanecer\u00e1 abierto hasta las 17.00 para visitas.<\/p>\n\n\n\n<p class=\"wp-block-paragraph\">Por su parte, el Centro de Gesti\u00f3n Sustentable (Av. Padre Mugica -33- y 162) funcionar\u00e1 de 8.00 a 16.00. Se pueden llevar residuos voluminosos como ramas, escombros, tierra, muebles, aparatos electr\u00f3nicos y chatarra.<\/p>\n\n\n\n<p class=\"wp-block-paragraph\" id=\"geom_inter_1667418194128_11_24\">Finalmente, el Centro de Atenci\u00f3n al Vecino (CAV) responder\u00e1 los llamados al 0800-666-3405, de 8.00 a 14.00; mientras que el Centro de Operaciones Municipal (COM) lo har\u00e1 durante las 24 horas, al 0800-999-2525\/0247.<\/p>\n","protected":false},"excerpt":{"rendered":"<p>La Municipalidad<\/p>\n","protected":false},"author":1,"featured_media":39574,"comment_status":"closed","ping_status":"closed","sticky":false,"template":"","format":"standard","meta":{"footnotes":""},"categories":[8,3],"tags":[40],"class_list":["post-32082","post","type-post","status-publish","format-standard","has-post-thumbnail","hentry","category-para-agendar","category-regionales","tag-berazategui"],"_links":{"self":[{"href":"https:\/\/panoramadelsur.com.ar\/index.php?rest_route=\/wp\/v2\/posts\/32082","targetHints":{"allow":["GET"]}}],"collection":[{"href":"https:\/\/panoramadelsur.com.ar\/index.php?rest_route=\/wp\/v2\/posts"}],"about":[{"href":"https:\/\/panoramadelsur.com.ar\/index.php?rest_route=\/wp\/v2\/types\/post"}],"author":[{"embeddable":true,"href":"https:\/\/panoramadelsur.com.ar\/index.php?rest_route=\/wp\/v2\/users\/1"}],"replies":[{"embeddable":true,"href":"https:\/\/panoramadelsur.com.ar\/index.php?rest_route=%2Fwp%2Fv2%2Fcomments&post=32082"}],"version-history":[{"count":1,"href":"https:\/\/panoramadelsur.com.ar\/index.php?rest_route=\/wp\/v2\/posts\/32082\/revisions"}],"predecessor-version":[{"id":32084,"href":"https:\/\/panoramadelsur.com.ar\/index.php?rest_route=\/wp\/v2\/posts\/32082\/revisions\/32084"}],"wp:featuredmedia":[{"embeddable":true,"href":"https:\/\/panoramadelsur.com.ar\/index.php?rest_route=\/wp\/v2\/media\/39574"}],"wp:attachment":[{"href":"https:\/\/panoramadelsur.com.ar\/index.php?rest_route=%2Fwp%2Fv2%2Fmedia&parent=32082"}],"wp:term":[{"taxonomy":"category","embeddable":true,"href":"https:\/\/panoramadelsur.com.ar\/index.php?rest_route=%2Fwp%2Fv2%2Fcategories&post=32082"},{"taxonomy":"post_tag","embeddable":true,"href":"https:\/\/panoramadelsur.com.ar\/index.php?rest_route=%2Fwp%2Fv2%2Ftags&post=32082"}],"curies":[{"name":"wp","href":"https:\/\/api.w.org\/{rel}","templated":true}]}}