{"id":32088,"date":"2022-11-02T16:55:49","date_gmt":"2022-11-02T19:55:49","guid":{"rendered":"https:\/\/panoramadelsur.com.ar\/?p=32088"},"modified":"2022-11-02T16:57:48","modified_gmt":"2022-11-02T19:57:48","slug":"la-sociedad-de-fomento-g-e-hudson-celebro-su-75-aniversario","status":"publish","type":"post","link":"https:\/\/panoramadelsur.com.ar\/?p=32088","title":{"rendered":"LA SOCIEDAD DE FOMENTO G. E. HUDSON CELEBR\u00d3 SU 75\u00b0 ANIVERSARIO"},"content":{"rendered":"\n<p class=\"wp-block-paragraph\"><strong>Festejaron los 75 a\u00f1os de la Sociedad de Fomento Guillermo Enrique Hudson el domingo 30 de octubre. Como parte de la celebraci\u00f3n, inauguraron el Sal\u00f3n de Usos M\u00faltiples (SUM) con la presencia del intendente de Berazategui, Juan Jos\u00e9 Mussi, quien entreg\u00f3 un subsidio a la instituci\u00f3n.<\/strong><\/p>\n\n\n\n<p class=\"wp-block-paragraph\">Mussi se\u00f1al\u00f3: \u201cLos felicito por el espacio nuevo y por todo lo que hacen por el barrio. Quiero pedirles que sigan as\u00ed porque este barrio creci\u00f3 mucho y hoy es muy lindo\u201d.<\/p>\n\n\n\n<p class=\"wp-block-paragraph\">Adem\u00e1s, el Intendente dijo: \u201cLes entrego un subsidio municipal para que la Sociedad de Fomento siga progresando. Cuenten con nosotros y les pido que nos acompa\u00f1en para seguir adelante por Berazategui\u201d.<\/p>\n\n\n\n<p class=\"wp-block-paragraph\">En tanto, el presidente de la instituci\u00f3n, Javier Herrera, subray\u00f3: \u201cAgradecemos el permanente acompa\u00f1amiento del Intendente. Este SUM que inauguramos es gracias a la colaboraci\u00f3n del Municipio\u201d.<\/p>\n\n\n\n<p class=\"wp-block-paragraph\">Participaron del festejo, tambi\u00e9n, la titular de la Secretar\u00eda Privada de la Municipalidad, Mar\u00eda Del Carmen Flores; los secretarios de Organizaciones No Gubernamentales, Marcelo Benedetti; de Desarrollo Social y Comunitario, Recreaci\u00f3n, Turismo y Deportes, Mar\u00eda Laura Lacava; y de Cultura y Educaci\u00f3n, Federico L\u00f3pez; entre otras autoridades municipales.<\/p>\n","protected":false},"excerpt":{"rendered":"<p>Festejaron los<\/p>\n","protected":false},"author":1,"featured_media":39574,"comment_status":"closed","ping_status":"closed","sticky":false,"template":"","format":"standard","meta":{"footnotes":""},"categories":[3],"tags":[40],"class_list":["post-32088","post","type-post","status-publish","format-standard","has-post-thumbnail","hentry","category-regionales","tag-berazategui"],"_links":{"self":[{"href":"https:\/\/panoramadelsur.com.ar\/index.php?rest_route=\/wp\/v2\/posts\/32088","targetHints":{"allow":["GET"]}}],"collection":[{"href":"https:\/\/panoramadelsur.com.ar\/index.php?rest_route=\/wp\/v2\/posts"}],"about":[{"href":"https:\/\/panoramadelsur.com.ar\/index.php?rest_route=\/wp\/v2\/types\/post"}],"author":[{"embeddable":true,"href":"https:\/\/panoramadelsur.com.ar\/index.php?rest_route=\/wp\/v2\/users\/1"}],"replies":[{"embeddable":true,"href":"https:\/\/panoramadelsur.com.ar\/index.php?rest_route=%2Fwp%2Fv2%2Fcomments&post=32088"}],"version-history":[{"count":1,"href":"https:\/\/panoramadelsur.com.ar\/index.php?rest_route=\/wp\/v2\/posts\/32088\/revisions"}],"predecessor-version":[{"id":32091,"href":"https:\/\/panoramadelsur.com.ar\/index.php?rest_route=\/wp\/v2\/posts\/32088\/revisions\/32091"}],"wp:featuredmedia":[{"embeddable":true,"href":"https:\/\/panoramadelsur.com.ar\/index.php?rest_route=\/wp\/v2\/media\/39574"}],"wp:attachment":[{"href":"https:\/\/panoramadelsur.com.ar\/index.php?rest_route=%2Fwp%2Fv2%2Fmedia&parent=32088"}],"wp:term":[{"taxonomy":"category","embeddable":true,"href":"https:\/\/panoramadelsur.com.ar\/index.php?rest_route=%2Fwp%2Fv2%2Fcategories&post=32088"},{"taxonomy":"post_tag","embeddable":true,"href":"https:\/\/panoramadelsur.com.ar\/index.php?rest_route=%2Fwp%2Fv2%2Ftags&post=32088"}],"curies":[{"name":"wp","href":"https:\/\/api.w.org\/{rel}","templated":true}]}}