{"id":32093,"date":"2022-11-02T01:06:00","date_gmt":"2022-11-02T04:06:00","guid":{"rendered":"https:\/\/panoramadelsur.com.ar\/?p=32093"},"modified":"2022-11-02T17:01:39","modified_gmt":"2022-11-02T20:01:39","slug":"mas-jornadas-de-trabajo-en-escuelas-de-berazategui-3","status":"publish","type":"post","link":"https:\/\/panoramadelsur.com.ar\/?p=32093","title":{"rendered":"<strong>M\u00c1S JORNADAS DE TRABAJO EN ESCUELAS DE BERAZATEGUI<\/strong>"},"content":{"rendered":"\n<p class=\"wp-block-paragraph\"><strong>El s\u00e1bado 29 de octubre se realizaron jornadas de trabajo en las Escuelas Primarias N\u00b0 7 Juan Mar\u00eda Guti\u00e9rrez (calle 415 e\/ 454 y 455, J. M. Guti\u00e9rrez) y N\u00b0 17 Fragata Sarmiento (153 e\/ las diagonales B y C, Villa Chingolo, Pl\u00e1tanos). En cada instituci\u00f3n estuvo el intendente municipal, Juan Jos\u00e9 Mussi, quien recorri\u00f3 las instalaciones y convers\u00f3 con los directivos.<\/strong><\/p>\n\n\n\n<p class=\"wp-block-paragraph\">Las tareas de pintura y limpieza las llevaron a cabo consejeros escolares, docentes y padres.<\/p>\n\n\n\n<p class=\"wp-block-paragraph\">Adriana L\u00e9pore, directora de la Primaria N\u00b0 7 &#8211; establecimiento que cuenta con una matr\u00edcula de 758 estudiantes- coment\u00f3: \u201cEsta jornada une a nuestra comunidad y estamos agradecidas por todo lo que nos da el Municipio\u201d.<\/p>\n\n\n\n<p class=\"wp-block-paragraph\">Por su parte, Emilce Quintana, directora de la Primaria N\u00b0 17 -su matr\u00edcula es de 498 estudiantes-, finaliz\u00f3: \u201cRecorrimos la instituci\u00f3n con el Intendente y conversamos sobre aquellas cosas en las que tenemos que seguir avanzando\u201d.<\/p>\n","protected":false},"excerpt":{"rendered":"<p>El s\u00e1bado<\/p>\n","protected":false},"author":1,"featured_media":39574,"comment_status":"closed","ping_status":"closed","sticky":false,"template":"","format":"standard","meta":{"footnotes":""},"categories":[3],"tags":[40],"class_list":["post-32093","post","type-post","status-publish","format-standard","has-post-thumbnail","hentry","category-regionales","tag-berazategui"],"_links":{"self":[{"href":"https:\/\/panoramadelsur.com.ar\/index.php?rest_route=\/wp\/v2\/posts\/32093","targetHints":{"allow":["GET"]}}],"collection":[{"href":"https:\/\/panoramadelsur.com.ar\/index.php?rest_route=\/wp\/v2\/posts"}],"about":[{"href":"https:\/\/panoramadelsur.com.ar\/index.php?rest_route=\/wp\/v2\/types\/post"}],"author":[{"embeddable":true,"href":"https:\/\/panoramadelsur.com.ar\/index.php?rest_route=\/wp\/v2\/users\/1"}],"replies":[{"embeddable":true,"href":"https:\/\/panoramadelsur.com.ar\/index.php?rest_route=%2Fwp%2Fv2%2Fcomments&post=32093"}],"version-history":[{"count":1,"href":"https:\/\/panoramadelsur.com.ar\/index.php?rest_route=\/wp\/v2\/posts\/32093\/revisions"}],"predecessor-version":[{"id":32095,"href":"https:\/\/panoramadelsur.com.ar\/index.php?rest_route=\/wp\/v2\/posts\/32093\/revisions\/32095"}],"wp:featuredmedia":[{"embeddable":true,"href":"https:\/\/panoramadelsur.com.ar\/index.php?rest_route=\/wp\/v2\/media\/39574"}],"wp:attachment":[{"href":"https:\/\/panoramadelsur.com.ar\/index.php?rest_route=%2Fwp%2Fv2%2Fmedia&parent=32093"}],"wp:term":[{"taxonomy":"category","embeddable":true,"href":"https:\/\/panoramadelsur.com.ar\/index.php?rest_route=%2Fwp%2Fv2%2Fcategories&post=32093"},{"taxonomy":"post_tag","embeddable":true,"href":"https:\/\/panoramadelsur.com.ar\/index.php?rest_route=%2Fwp%2Fv2%2Ftags&post=32093"}],"curies":[{"name":"wp","href":"https:\/\/api.w.org\/{rel}","templated":true}]}}