{"id":32096,"date":"2022-11-02T01:03:00","date_gmt":"2022-11-02T04:03:00","guid":{"rendered":"https:\/\/panoramadelsur.com.ar\/?p=32096"},"modified":"2022-11-02T17:05:41","modified_gmt":"2022-11-02T20:05:41","slug":"mayra-visito-el-predio-del-nuevo-destacamento-de-bomberos-voluntarios-solanenses-y-les-entrego-un-importante-subsidio","status":"publish","type":"post","link":"https:\/\/panoramadelsur.com.ar\/?p=32096","title":{"rendered":"<strong>MAYRA VISIT\u00d3 EL PREDIO DEL NUEVO DESTACAMENTO DE BOMBEROS VOLUNTARIOS SOLANENSES Y LES ENTREGO UN IMPORTANTE SUBSIDIO<\/strong>"},"content":{"rendered":"\n<p class=\"wp-block-paragraph\">La intendenta de Quilmes, Mayra Mendoza visit\u00f3 este mi\u00e9rcoles el nuevo predio para el destacamento de Bomberos Voluntarios de San Francisco Solano, ubicado en calle 898 y Monteverde, y le otorg\u00f3 a la fuerza un subsidio de m\u00e1s de 9 millones de pesos, en el marco de una recorrida por la localidad, que incluy\u00f3 la visita a los comedores \u201c9 de Julio\u201d y \u201cArroz con Leche\u201d; la Sociedad de Fomento los Eucaliptus; el Club El Sol, y donde encabez\u00f3 el inicio de la correcaminata \u201cLos Eucaliptus Corre 2022\u201d.<\/p>\n\n\n\n<p class=\"wp-block-paragraph\">\u201cNosotros el 12 de octubre, cuando fue el aniversario del cuartel de Solano, dijimos que \u00edbamos a dar una ayuda extra de lo que generalmente damos desde el Municipio, que es el esfuerzo de todos los quilme\u00f1os y quilme\u00f1as para que el cuartel pueda tener algo extra para comenzar con el trabajo en este lugar\u201d, expres\u00f3 Mayra luego de entregar el subsidio de 9.452.000 pesos a los Bomberos solanenses.<\/p>\n\n\n\n<p class=\"wp-block-paragraph\">La Jefa Comunal tambi\u00e9n destac\u00f3 que el nuevo predio ser\u00e1 utilizado principalmente por los Bomberos Voluntarios, pero que adem\u00e1s incluir\u00e1 espacios destinados a polic\u00edas viales con un m\u00f3dulo en el lugar, y a trabajadores de Servicios P\u00fablicos, con el objetivo brindar mejor atenci\u00f3n a la comunidad. All\u00ed Mayra dio inicio a un nuevo operativo policial en la zona.<\/p>\n\n\n\n<p class=\"wp-block-paragraph\">La recorrida abarc\u00f3 la Sociedad de Fomento y Cultura Los Eucaliptus, ubicada en calle 898 al 6400; y posteriormente Mayra visit\u00f3 el comedor 9 de Julio, en calle 867 N\u00ba 2750, que funciona hace 10 a\u00f1os y fue Punto Solidario desde la pandemia, y dialog\u00f3 con su titular, Alejandra Cepeda.<\/p>\n\n\n\n<p class=\"wp-block-paragraph\">La Intendenta estuvo adem\u00e1s en el merendero \u201cArroz con Leche\u201d, ubicado en calle 897 N\u00ba 6810, donde le entreg\u00f3 a Karina Rivas, a cargo del lugar, una cocina nueva y utensilios, gestionados a trav\u00e9s del Ministerio de Desarrollo de la Comunidad.<\/p>\n\n\n\n<p class=\"wp-block-paragraph\">\u201cEl acompa\u00f1amiento por parte del Municipio, pero de nosotros como personas, como militantes y parte de esta comunidad, va a estar siempre. Creemos en la organizaci\u00f3n de la comunidad, en la solidaridad para salir adelante de los momentos m\u00e1s dif\u00edciles y tambi\u00e9n ir construyendo un futuro mejor, pero la organizaci\u00f3n de la comunidad sin un Estado presente no tiene los resultados que se tienen cuando se trabaja as\u00ed, articuladamente\u201d, asegur\u00f3 Mayra.<\/p>\n\n\n\n<p class=\"wp-block-paragraph\">La actividad tambi\u00e9n const\u00f3 de una visita al Club El Sol, ubicado en la intersecci\u00f3n de calles 860 y 862, que funciona un Punto Solidario y ofrece semanalmente un comedor para 30 familias, y cuenta con actividades deportivas. All\u00ed, la Jefa comunal dialog\u00f3 con sus referentas Mar\u00eda Miranda y Mar\u00eda Mendieta, y les entreg\u00f3 pelotas de f\u00fatbol, ollas y utensilios de cocina.<\/p>\n\n\n\n<p class=\"wp-block-paragraph\">Durante la jornada, la Intendenta encabez\u00f3 el inicio de la correcaminata \u201cLos Eucaliptus Corre 2022\u201d que se realiz\u00f3 en la manzana de la plaza de Los Eucaliptus, en calle 898 al 6500, y la declar\u00f3 de Inter\u00e9s Cultural: \u201cA partir de este trabajo que ustedes hicieron durante estos a\u00f1os, hoy el Municipio y el Concejo Deliberante con concejales aqu\u00ed presentes, reconoce esta actividad como de Inter\u00e9s Cultural y el Municipio queda obligado a acompa\u00f1ar este tipo de actividades. Yo espero estar muchos a\u00f1os acompa\u00f1\u00e1ndolos pero si no llegamos a estar nosotros tienen que exigir el acompa\u00f1amiento del Municipio en la correcaminata de Los Euca y para que ustedes puedan tener las mejores condiciones para poder hacerlo\u201d.<\/p>\n\n\n\n<p class=\"wp-block-paragraph\">El evento, que se prolong\u00f3 hasta la tarde incluy\u00f3 a ni\u00f1os y ni\u00f1as de 1\u00ba a 6\u00ba grado de escuelas y cont\u00f3 con la presencia de autoridades del Jard\u00edn de Infantes N\u00ba 944, las Escuelas Primarias N\u00ba 57 y 59, la Escuela Secundaria N\u00ba 10 y los Anexos 1 y 2, y el Centro Educativo de Nivel Secundario N\u00ba 456.<\/p>\n\n\n\n<p class=\"wp-block-paragraph\">Estuvieron presentes en la jornada: los secretarios de Seguridad y Ordenamiento Urbano, Gaspar De St\u00e9fano; de Culturas y Deportes, Nicol\u00e1s Mellino; de Educaci\u00f3n, Joaqu\u00edn Desmery; de Servicios P\u00fablicos, Sebasti\u00e1n Garc\u00eda; de Ni\u00f1ez y Desarrollo Social, Florencia Di Tullio; de Mujeres y Diversidades, B\u00e1rbara Cocimano; de Gesti\u00f3n y Participaci\u00f3n Ciudadana, Juli\u00e1n Bellido, y de Derechos Humanos, Hugo Colaone; las subsecretarias de Educaci\u00f3n, Nancy Brites, y de Deportes y Entidades, Martina Bonanata; su par de Servicios P\u00fablicos y Defensa Civil, Silvio Sarti; la diputada provincial Berenice Latorre, y la jefa de UDAI de ANSES de San Francisco Solano, Florencia Hern\u00e1ndez.<\/p>\n\n\n\n<p class=\"wp-block-paragraph\">Tambi\u00e9n participaron el director del CAPS de los Eucaliptus, Alberto Vanetti; los directores generales de Coordinaci\u00f3n de Patrulla Urbana,&nbsp;Lucas&nbsp;Schuld,&nbsp;y&nbsp;de Coordinaci\u00f3n Operativa, Hern\u00e1n&nbsp;Ocampo; el director de Promoci\u00f3n Deportiva, Ligas y Federaciones,&nbsp;Carlos&nbsp;Doallo; el concejal Jos\u00e9 Contreras; el director del Centro de Gesti\u00f3n y Participaci\u00f3n Ciudadana (CGPC) de Solano, Ram\u00f3n Arce; el director de la Base Operativa de Solano, Marcelo Garc\u00eda; el subcomisario Cristian Noguera, titular de la comisar\u00eda Quilmes 4\u00aa (Solano), y el titular del cuartel de Bomberos de Solano, Diego Diez, entre otras autoridades escolares y de instituciones.<\/p>\n","protected":false},"excerpt":{"rendered":"<p>La intendenta<\/p>\n","protected":false},"author":1,"featured_media":39574,"comment_status":"closed","ping_status":"closed","sticky":false,"template":"","format":"standard","meta":{"footnotes":""},"categories":[1,2],"tags":[35,17],"class_list":["post-32096","post","type-post","status-publish","format-standard","has-post-thumbnail","hentry","category-destacados","category-quilmes","tag-municipio-de-quilmes","tag-quilmes"],"_links":{"self":[{"href":"https:\/\/panoramadelsur.com.ar\/index.php?rest_route=\/wp\/v2\/posts\/32096","targetHints":{"allow":["GET"]}}],"collection":[{"href":"https:\/\/panoramadelsur.com.ar\/index.php?rest_route=\/wp\/v2\/posts"}],"about":[{"href":"https:\/\/panoramadelsur.com.ar\/index.php?rest_route=\/wp\/v2\/types\/post"}],"author":[{"embeddable":true,"href":"https:\/\/panoramadelsur.com.ar\/index.php?rest_route=\/wp\/v2\/users\/1"}],"replies":[{"embeddable":true,"href":"https:\/\/panoramadelsur.com.ar\/index.php?rest_route=%2Fwp%2Fv2%2Fcomments&post=32096"}],"version-history":[{"count":1,"href":"https:\/\/panoramadelsur.com.ar\/index.php?rest_route=\/wp\/v2\/posts\/32096\/revisions"}],"predecessor-version":[{"id":32098,"href":"https:\/\/panoramadelsur.com.ar\/index.php?rest_route=\/wp\/v2\/posts\/32096\/revisions\/32098"}],"wp:featuredmedia":[{"embeddable":true,"href":"https:\/\/panoramadelsur.com.ar\/index.php?rest_route=\/wp\/v2\/media\/39574"}],"wp:attachment":[{"href":"https:\/\/panoramadelsur.com.ar\/index.php?rest_route=%2Fwp%2Fv2%2Fmedia&parent=32096"}],"wp:term":[{"taxonomy":"category","embeddable":true,"href":"https:\/\/panoramadelsur.com.ar\/index.php?rest_route=%2Fwp%2Fv2%2Fcategories&post=32096"},{"taxonomy":"post_tag","embeddable":true,"href":"https:\/\/panoramadelsur.com.ar\/index.php?rest_route=%2Fwp%2Fv2%2Ftags&post=32096"}],"curies":[{"name":"wp","href":"https:\/\/api.w.org\/{rel}","templated":true}]}}