{"id":32099,"date":"2022-11-04T01:08:00","date_gmt":"2022-11-04T04:08:00","guid":{"rendered":"https:\/\/panoramadelsur.com.ar\/?p=32099"},"modified":"2022-11-02T18:19:19","modified_gmt":"2022-11-02T21:19:19","slug":"don-bosco-festeja-su-93o-aniversario-con-un-desfile-ferias-y-una-nueva-edicion-del-festival-somos-quilmes-con-el-cierre-de-los-leales","status":"publish","type":"post","link":"https:\/\/panoramadelsur.com.ar\/?p=32099","title":{"rendered":"<strong>DON BOSCO FESTEJA SU 93\u00ba ANIVERSARIO CON UN DESFILE, FERIAS Y UNA NUEVA EDICI\u00d3N DEL FESTIVAL SOMOS QUILMES CON EL CIERRE DE LOS LEALES<\/strong>"},"content":{"rendered":"\n<p class=\"wp-block-paragraph\">El Municipio de Quilmes invita el domingo 6 de noviembre a los vecinos y vecinas a las celebraciones por el 93\u00ba aniversario de Don Bosco, que incluir\u00e1 el tradicional desfile de instituciones, una feria gastron\u00f3mica, de emprendedores y cultural, y espect\u00e1culos en&nbsp; vivo con magia y shows musicales, en una nueva edici\u00f3n del festival Somos Quilmes, que contar\u00e1 con el cierre a pura m\u00fasica con la reconocida banda de cumbia santafesina, Los Leales.<\/p>\n\n\n\n<p class=\"wp-block-paragraph\">La actividad comenzar\u00e1 a partir de las 9.30, en la plaza Manuel Belgrano, ubicada en la calle Chaco entre Pringles y Lavalle, con el izamiento de la bandera nacional y el descubrimiento de una placa en homenaje a los H\u00e9roes de Malvinas.<\/p>\n\n\n\n<p class=\"wp-block-paragraph\">M\u00e1s tarde, desde las 10.30, la jornada de festejos se trasladar\u00e1 a la avenida Caseros entre Bernardino Rivadavia y \u00c1lvarez, donde se realizar\u00e1 el desfile del que participar\u00e1n diferentes instituciones de Don Bosco y el distrito.<\/p>\n\n\n\n<p class=\"wp-block-paragraph\">En este marco, la actividad continuar\u00e1 a pocos metros, en el Parque Lineal Don Bosco, en Illia y Aguirre, donde a partir de las 13, funcionar\u00e1 la feria gastron\u00f3mica y los stands culturales; y proseguir\u00e1 con los espect\u00e1culos musicales y magia.<\/p>\n\n\n\n<p class=\"wp-block-paragraph\">De esta manera y para completar el d\u00eda a puro festejo, en una nueva edici\u00f3n del festival Somos Quilmes, se presentar\u00e1 la reconocida banda de cumbia santafesina, Los Leales, que estar\u00e1 a cargo del cierre de la jornada.<\/p>\n\n\n\n<p class=\"wp-block-paragraph\">Previamente, estar\u00e1n las actuaciones de Pochi y la Vaca Vakina, con magia y canciones; Mil Piezas; Jorge Morales; Victoria Mor\u00e1n; Lo Bailas; Hip Hop\/Rap\/Trap, con Dykey; Zet One; Trust; Mix: Mati Acosta-Cristian Aquino-Brenda Aquino-Aquidez; Sof\u00eda Mereles, la Princesita del Arpa; Virginia Slims y Bahy\u00f3n Santafesino.<\/p>\n","protected":false},"excerpt":{"rendered":"<p>El Municipio<\/p>\n","protected":false},"author":1,"featured_media":39574,"comment_status":"closed","ping_status":"closed","sticky":false,"template":"","format":"standard","meta":{"footnotes":""},"categories":[2],"tags":[518,35,17],"class_list":["post-32099","post","type-post","status-publish","format-standard","has-post-thumbnail","hentry","category-quilmes","tag-don-bosco","tag-municipio-de-quilmes","tag-quilmes"],"_links":{"self":[{"href":"https:\/\/panoramadelsur.com.ar\/index.php?rest_route=\/wp\/v2\/posts\/32099","targetHints":{"allow":["GET"]}}],"collection":[{"href":"https:\/\/panoramadelsur.com.ar\/index.php?rest_route=\/wp\/v2\/posts"}],"about":[{"href":"https:\/\/panoramadelsur.com.ar\/index.php?rest_route=\/wp\/v2\/types\/post"}],"author":[{"embeddable":true,"href":"https:\/\/panoramadelsur.com.ar\/index.php?rest_route=\/wp\/v2\/users\/1"}],"replies":[{"embeddable":true,"href":"https:\/\/panoramadelsur.com.ar\/index.php?rest_route=%2Fwp%2Fv2%2Fcomments&post=32099"}],"version-history":[{"count":1,"href":"https:\/\/panoramadelsur.com.ar\/index.php?rest_route=\/wp\/v2\/posts\/32099\/revisions"}],"predecessor-version":[{"id":32100,"href":"https:\/\/panoramadelsur.com.ar\/index.php?rest_route=\/wp\/v2\/posts\/32099\/revisions\/32100"}],"wp:featuredmedia":[{"embeddable":true,"href":"https:\/\/panoramadelsur.com.ar\/index.php?rest_route=\/wp\/v2\/media\/39574"}],"wp:attachment":[{"href":"https:\/\/panoramadelsur.com.ar\/index.php?rest_route=%2Fwp%2Fv2%2Fmedia&parent=32099"}],"wp:term":[{"taxonomy":"category","embeddable":true,"href":"https:\/\/panoramadelsur.com.ar\/index.php?rest_route=%2Fwp%2Fv2%2Fcategories&post=32099"},{"taxonomy":"post_tag","embeddable":true,"href":"https:\/\/panoramadelsur.com.ar\/index.php?rest_route=%2Fwp%2Fv2%2Ftags&post=32099"}],"curies":[{"name":"wp","href":"https:\/\/api.w.org\/{rel}","templated":true}]}}