{"id":32102,"date":"2022-11-03T00:02:00","date_gmt":"2022-11-03T03:02:00","guid":{"rendered":"https:\/\/panoramadelsur.com.ar\/?p=32102"},"modified":"2022-11-03T05:23:56","modified_gmt":"2022-11-03T08:23:56","slug":"la-costa-recibio-mas-de-17-600-estudiantes-mediante-el-programa-viajes-de-fin-de-curso","status":"publish","type":"post","link":"https:\/\/panoramadelsur.com.ar\/?p=32102","title":{"rendered":"LA COSTA RECIBI\u00d3 M\u00c1S DE 17.600 ESTUDIANTES MEDIANTE EL PROGRAMA VIAJES DE FIN DE CURSO"},"content":{"rendered":"\n<p class=\"wp-block-paragraph\">El partido de La Costa recibi\u00f3 durante septiembre y octubre 17.605 estudiantes de otros municipios bonaerenses, mediante la segunda edici\u00f3n del programa \u201cViajes de Fin de Curso\u201d, que financia el gobierno de la provincia de Buenos Aires, se inform\u00f3 desde esa intendencia.<\/p>\n\n\n\n<p class=\"wp-block-paragraph\">Seg\u00fan los n\u00fameros de las inscripciones de ese programa para visitar La Costa, el total hasta diciembre ser\u00e1 de m\u00e1s de 38.000 estudiantes, lo que impactar\u00e1 en el consumo local y la econom\u00eda, con un impacto mayor a los 320 millones de pesos.<\/p>\n\n\n\n<p class=\"wp-block-paragraph\">Sobre este movimiento del turismo estudiantil en el distrito, el intendente de La Costa, Cristian Cardoso, dijo que \u201cya han pasado por nuestro distrito de 470 instituciones educativas p\u00fablicas y privadas de toda la provincia lo que es un n\u00famero muy alentador para el turismo y el movimiento de las econom\u00edas regionales\u201d.<\/p>\n\n\n\n<p class=\"wp-block-paragraph\">Los grupos de estudiantes disfrutan de cuatro d\u00edas y tres noches en hoteles de categor\u00eda de las localidades de esta comuna, con todos los gastos de transporte, hoteler\u00eda y comidas pagos, y \u201ccuentan con excursiones en atractivos naturales, culturales, hist\u00f3ricos, deportivos y tur\u00edsticos, de modo de promover entre los estudiantes la identidad bonaerense e incentivar los v\u00ednculos con tradiciones y paisajes de la provincia\u201d resalt\u00f3.<\/p>\n\n\n\n<p class=\"wp-block-paragraph\">\u201cDurante su estad\u00eda en nuestro distrito concurren a los Parques Tem\u00e1ticos, playas, centros comerciales, y participan de noches de bailes tem\u00e1ticos de disfraces, y boliches para divertirse entre amigos\u201d remarc\u00f3, y puntualiz\u00f3 \u201cla llegada de contingentes de estudiantes apunta tambi\u00e9n romper la estacionalidad del turismo e incentivar los comercios locales fuera de la temporada alta de verano\u201d<\/p>\n\n\n\n<p class=\"wp-block-paragraph\">El jefe comunal destac\u00f3 que \u201cmuchos de los j\u00f3venes conocieron mediante este viaje el mar y esto es factible gracias a un trabajo en conjunto entre la provincia y los municipios costeros para que el turismo tenga protagonismo los 12 meses del a\u00f1o\u201d.<\/p>\n\n\n\n<p class=\"wp-block-paragraph\">Ese programa de turismo estudiantil tambi\u00e9n incluye a distritos como Villa Gesell, General Pueyrred\u00f3n, Escobar, Ca\u00f1uelas, Pinamar, Monte Hermoso, Tornquist, San Pedro, Tandil, Alvarado y Necochea.<\/p>\n","protected":false},"excerpt":{"rendered":"<p>El partido<\/p>\n","protected":false},"author":1,"featured_media":39574,"comment_status":"closed","ping_status":"closed","sticky":false,"template":"","format":"standard","meta":{"footnotes":""},"categories":[1,5],"tags":[],"class_list":["post-32102","post","type-post","status-publish","format-standard","has-post-thumbnail","hentry","category-destacados","category-provincia"],"_links":{"self":[{"href":"https:\/\/panoramadelsur.com.ar\/index.php?rest_route=\/wp\/v2\/posts\/32102","targetHints":{"allow":["GET"]}}],"collection":[{"href":"https:\/\/panoramadelsur.com.ar\/index.php?rest_route=\/wp\/v2\/posts"}],"about":[{"href":"https:\/\/panoramadelsur.com.ar\/index.php?rest_route=\/wp\/v2\/types\/post"}],"author":[{"embeddable":true,"href":"https:\/\/panoramadelsur.com.ar\/index.php?rest_route=\/wp\/v2\/users\/1"}],"replies":[{"embeddable":true,"href":"https:\/\/panoramadelsur.com.ar\/index.php?rest_route=%2Fwp%2Fv2%2Fcomments&post=32102"}],"version-history":[{"count":1,"href":"https:\/\/panoramadelsur.com.ar\/index.php?rest_route=\/wp\/v2\/posts\/32102\/revisions"}],"predecessor-version":[{"id":32104,"href":"https:\/\/panoramadelsur.com.ar\/index.php?rest_route=\/wp\/v2\/posts\/32102\/revisions\/32104"}],"wp:featuredmedia":[{"embeddable":true,"href":"https:\/\/panoramadelsur.com.ar\/index.php?rest_route=\/wp\/v2\/media\/39574"}],"wp:attachment":[{"href":"https:\/\/panoramadelsur.com.ar\/index.php?rest_route=%2Fwp%2Fv2%2Fmedia&parent=32102"}],"wp:term":[{"taxonomy":"category","embeddable":true,"href":"https:\/\/panoramadelsur.com.ar\/index.php?rest_route=%2Fwp%2Fv2%2Fcategories&post=32102"},{"taxonomy":"post_tag","embeddable":true,"href":"https:\/\/panoramadelsur.com.ar\/index.php?rest_route=%2Fwp%2Fv2%2Ftags&post=32102"}],"curies":[{"name":"wp","href":"https:\/\/api.w.org\/{rel}","templated":true}]}}