{"id":32105,"date":"2022-11-03T01:05:00","date_gmt":"2022-11-03T04:05:00","guid":{"rendered":"https:\/\/panoramadelsur.com.ar\/?p=32105"},"modified":"2022-11-02T18:42:46","modified_gmt":"2022-11-02T21:42:46","slug":"la-diputada-provincial-maricel-etchecoin-asumio-la-presidencia-de-la-coalicion-civica-bonaerense","status":"publish","type":"post","link":"https:\/\/panoramadelsur.com.ar\/?p=32105","title":{"rendered":"LA DIPUTADA PROVINCIAL MARICEL ETCHECOIN ASUMI\u00d3 LA PRESIDENCIA DE LA COALICI\u00d3N C\u00cdVICA BONAERENSE"},"content":{"rendered":"\n<p class=\"wp-block-paragraph\">La diputada provincial Maricel Etchecoin asumi\u00f3 la presidencia de la Coalici\u00f3n C\u00edvica de la provincia de Buenos Aires, en un encuentro que se hizo en el domicilio de la l\u00edder del espacio, Elisa Carri\u00f3, en la localidad bonaerense de Exaltaci\u00f3n de la Cruz, y cont\u00f3 con la presencia de legisladores nacionales y provinciales.<\/p>\n\n\n\n<p class=\"wp-block-paragraph\">\u00abVamos a seguir consolidando el partido en el territorio y vamos a trabajar de manera ampliada con los legisladores nacionales y provinciales\u00bb, sostuvo la diputada provincial al asumir la titularidad del partido y agreg\u00f3: \u00abCreemos que hay que consolidar el di\u00e1logo con todos los que respeten los principios republicanos y terminar con los chismorreos pol\u00edticos\u00bb.<\/p>\n\n\n\n<p class=\"wp-block-paragraph\">En un comunicado, se indic\u00f3 que en la asunci\u00f3n Carri\u00f3, fundadora del partido, manifest\u00f3 que \u00abel liderazgo es por posici\u00f3n y estrategia; la amistad pol\u00edtica es importante\u00bb y resalt\u00f3 que su espacio es el \u00ab\u00fanico sector fortalecido, vamos a dialogar con todos\u00bb.<\/p>\n\n\n\n<p class=\"wp-block-paragraph\">Adem\u00e1s, sostuvo que \u00abla unidad de Juntos por el Cambio est\u00e1 garantizada\u00bb y dijo ser \u00abgarante de esa unidad, pero no vamos a estar con los corruptos. Hay que terminar con los chismorreos pol\u00edticos\u00bb.<\/p>\n\n\n\n<p class=\"wp-block-paragraph\">Etchecoin estar\u00e1 secundada por el referente del municipio de Jun\u00edn, Rodrigo Esponda, que fue electo vicepresidente del partido, y la nueva mesa provincial de la CC ARI bonaerense la completa Carmen Guti\u00e9rrez como protesorera; Federico G\u00f3mez como tesorero; Meneca Djedjeian como secretaria de Formaci\u00f3n; y Horacio Vernier, Marisa Pignatelli, Mart\u00edn Bernardo y Francisco Mones Ruiz.<\/p>\n\n\n\n<p class=\"wp-block-paragraph\">En el encuentro tambi\u00e9n participaron el jefe del bloque de diputados nacionales, Juan Manuel L\u00f3pez, y las diputadas nacionales Marcela Campagnoli, Mariana Stilman, Victoria Borrego y M\u00f3nica Frade; el diputado provincial Luciano Bugallo; los senadores provinciales Andr\u00e9s De Leo y Elisa Carca. <\/p>\n","protected":false},"excerpt":{"rendered":"<p>La diputada<\/p>\n","protected":false},"author":1,"featured_media":39574,"comment_status":"closed","ping_status":"closed","sticky":false,"template":"","format":"standard","meta":{"footnotes":""},"categories":[5],"tags":[28,27],"class_list":["post-32105","post","type-post","status-publish","format-standard","has-post-thumbnail","hentry","category-provincia","tag-gba","tag-provincia"],"_links":{"self":[{"href":"https:\/\/panoramadelsur.com.ar\/index.php?rest_route=\/wp\/v2\/posts\/32105","targetHints":{"allow":["GET"]}}],"collection":[{"href":"https:\/\/panoramadelsur.com.ar\/index.php?rest_route=\/wp\/v2\/posts"}],"about":[{"href":"https:\/\/panoramadelsur.com.ar\/index.php?rest_route=\/wp\/v2\/types\/post"}],"author":[{"embeddable":true,"href":"https:\/\/panoramadelsur.com.ar\/index.php?rest_route=\/wp\/v2\/users\/1"}],"replies":[{"embeddable":true,"href":"https:\/\/panoramadelsur.com.ar\/index.php?rest_route=%2Fwp%2Fv2%2Fcomments&post=32105"}],"version-history":[{"count":1,"href":"https:\/\/panoramadelsur.com.ar\/index.php?rest_route=\/wp\/v2\/posts\/32105\/revisions"}],"predecessor-version":[{"id":32107,"href":"https:\/\/panoramadelsur.com.ar\/index.php?rest_route=\/wp\/v2\/posts\/32105\/revisions\/32107"}],"wp:featuredmedia":[{"embeddable":true,"href":"https:\/\/panoramadelsur.com.ar\/index.php?rest_route=\/wp\/v2\/media\/39574"}],"wp:attachment":[{"href":"https:\/\/panoramadelsur.com.ar\/index.php?rest_route=%2Fwp%2Fv2%2Fmedia&parent=32105"}],"wp:term":[{"taxonomy":"category","embeddable":true,"href":"https:\/\/panoramadelsur.com.ar\/index.php?rest_route=%2Fwp%2Fv2%2Fcategories&post=32105"},{"taxonomy":"post_tag","embeddable":true,"href":"https:\/\/panoramadelsur.com.ar\/index.php?rest_route=%2Fwp%2Fv2%2Ftags&post=32105"}],"curies":[{"name":"wp","href":"https:\/\/api.w.org\/{rel}","templated":true}]}}