{"id":32111,"date":"2022-11-05T01:02:00","date_gmt":"2022-11-05T04:02:00","guid":{"rendered":"https:\/\/panoramadelsur.com.ar\/?p=32111"},"modified":"2022-11-02T18:56:40","modified_gmt":"2022-11-02T21:56:40","slug":"este-sabado-empieza-la-sexta-bienal-de-arte-y-cultura-de-la-universidad-nacional-de-la-plata","status":"publish","type":"post","link":"https:\/\/panoramadelsur.com.ar\/?p=32111","title":{"rendered":"ESTE S\u00c1BADO EMPIEZA LA SEXTA BIENAL DE ARTE Y CULTURA DE LA UNIVERSIDAD NACIONAL DE LA PLATA"},"content":{"rendered":"\n<p class=\"wp-block-paragraph\">La 6\u00b0 edici\u00f3n de la Bienal de Arte y Cultura de la Universidad Nacional de La Plata (UNLP) empezar\u00e1 este s\u00e1bado en el Centro de Arte universitario, donde artistas pl\u00e1sticos, m\u00fasicos, compositores, dramaturgos, dise\u00f1adores y actores ser\u00e1n parte de un evento gratuito que se extender\u00e1 hasta el 12 de noviembre.<\/p>\n\n\n\n<p class=\"wp-block-paragraph\">La propuesta incluye 130 actividades entre obras de teatro, performances, muestras, instalaciones, cine, danza, conciertos, charlas, debates y presentaciones que se exhibir\u00e1n no s\u00f3lo en el edificio Sergio Karakachoff, calle 48 entre 6 y 7, tambi\u00e9n en plazas, parques, dependencias de la UNLP y centros culturales locales.<\/p>\n\n\n\n<p class=\"wp-block-paragraph\">La Bienal es una invitaci\u00f3n a \u201crepensar la idea de tiempo desde su concepci\u00f3n m\u00e1s tradicional, entendida como una l\u00ednea exclusiva\u201d para \u201ccrear una trama colectiva y subjetiva donde confluye el tiempo que habitamos y percibimos\u00bb porque \u00abel tiempo entendido como trama es movimiento, conjunto, es volumen y colectivo\u201d, explicaron en un comunicado los organizadores.<\/p>\n\n\n\n<p class=\"wp-block-paragraph\">Entre las propuestas, el lunes pr\u00f3ximo se llevar\u00e1 a cabo una visita guiada en la Biblioteca P\u00fablica de la UNLP, ubicada en Plaza Rocha 137, y a las 18 habr\u00e1 un concierto del Cuarteto de Cuerdas de la Universidad, la agrupaci\u00f3n de c\u00e1mara m\u00e1s longeva del pa\u00eds.<\/p>\n\n\n\n<p class=\"wp-block-paragraph\">La propuesta cerrar\u00e1 el s\u00e1bado 12 en la fachada del Centro de Arte del edificio de Karakachoff, con una charla sobre el reconocido dibujante Miguel Rep; mientras que a las 19 se presentar\u00e1 la dupla Vanza y la banda Amor Elefante.<\/p>\n\n\n\n<p class=\"wp-block-paragraph\">La programaci\u00f3n completa se puede conocer accediendo a www.centrodearte.unlp.edu.ar <\/p>\n","protected":false},"excerpt":{"rendered":"<p>La 6\u00b0<\/p>\n","protected":false},"author":1,"featured_media":39574,"comment_status":"closed","ping_status":"closed","sticky":false,"template":"","format":"standard","meta":{"footnotes":""},"categories":[8,5],"tags":[28,27,517],"class_list":["post-32111","post","type-post","status-publish","format-standard","has-post-thumbnail","hentry","category-para-agendar","category-provincia","tag-gba","tag-provincia","tag-unlp"],"_links":{"self":[{"href":"https:\/\/panoramadelsur.com.ar\/index.php?rest_route=\/wp\/v2\/posts\/32111","targetHints":{"allow":["GET"]}}],"collection":[{"href":"https:\/\/panoramadelsur.com.ar\/index.php?rest_route=\/wp\/v2\/posts"}],"about":[{"href":"https:\/\/panoramadelsur.com.ar\/index.php?rest_route=\/wp\/v2\/types\/post"}],"author":[{"embeddable":true,"href":"https:\/\/panoramadelsur.com.ar\/index.php?rest_route=\/wp\/v2\/users\/1"}],"replies":[{"embeddable":true,"href":"https:\/\/panoramadelsur.com.ar\/index.php?rest_route=%2Fwp%2Fv2%2Fcomments&post=32111"}],"version-history":[{"count":1,"href":"https:\/\/panoramadelsur.com.ar\/index.php?rest_route=\/wp\/v2\/posts\/32111\/revisions"}],"predecessor-version":[{"id":32113,"href":"https:\/\/panoramadelsur.com.ar\/index.php?rest_route=\/wp\/v2\/posts\/32111\/revisions\/32113"}],"wp:featuredmedia":[{"embeddable":true,"href":"https:\/\/panoramadelsur.com.ar\/index.php?rest_route=\/wp\/v2\/media\/39574"}],"wp:attachment":[{"href":"https:\/\/panoramadelsur.com.ar\/index.php?rest_route=%2Fwp%2Fv2%2Fmedia&parent=32111"}],"wp:term":[{"taxonomy":"category","embeddable":true,"href":"https:\/\/panoramadelsur.com.ar\/index.php?rest_route=%2Fwp%2Fv2%2Fcategories&post=32111"},{"taxonomy":"post_tag","embeddable":true,"href":"https:\/\/panoramadelsur.com.ar\/index.php?rest_route=%2Fwp%2Fv2%2Ftags&post=32111"}],"curies":[{"name":"wp","href":"https:\/\/api.w.org\/{rel}","templated":true}]}}