{"id":32114,"date":"2022-11-05T01:06:00","date_gmt":"2022-11-05T04:06:00","guid":{"rendered":"https:\/\/panoramadelsur.com.ar\/?p=32114"},"modified":"2022-11-02T19:28:25","modified_gmt":"2022-11-02T22:28:25","slug":"san-isidro-la-defensoria-del-pueblo-bonaerense-inauguro-una-nueva-delegacion","status":"publish","type":"post","link":"https:\/\/panoramadelsur.com.ar\/?p=32114","title":{"rendered":"SAN ISIDRO: LA DEFENSOR\u00cdA DEL PUEBLO BONAERENSE INAUGUR\u00d3 UNA NUEVA DELEGACI\u00d3N"},"content":{"rendered":"\n<p class=\"wp-block-paragraph\">El Defensor del Pueblo bonaerense, Guido Lorenzino, inaugur\u00f3 esta semana junto a la senadora provincial Teresa Garc\u00eda, una nueva delegaci\u00f3n del organismo que funcionar\u00e1 en San Isidro, la n\u00famero 56 que posee la Defensor\u00eda en distintos puntos de la Provincia.<\/p>\n\n\n\n<p class=\"wp-block-paragraph\">\u201cEntendemos este despliegue territorial desde una mirada federal, ya que hay que ver los problemas desde cada lugar. Cuando alguien se hace cargo de una delegaci\u00f3n, estamos seguros de que saben de todo de lo que pasa en la ciudad\u201d, indic\u00f3.<\/p>\n\n\n\n<p class=\"wp-block-paragraph\">El nuevo espacio funcionar\u00e1 en la calle Eduardo Costa 801 y estar\u00e1 a cargo de Luc\u00eda Claramunt. El objetivo es atender las diferentes tem\u00e1ticas de las que se ocupa la Defensor\u00eda, como los servicios p\u00fablicos, la salud, consumidores, g\u00e9nero, ambiente, entre otras.<\/p>\n\n\n\n<p class=\"wp-block-paragraph\">\u201cCuando la gente viene ac\u00e1 es porque rebot\u00f3 en todos los lugares. Vienen con mucha carga, con bronca, con enojo pero sobre todo con raz\u00f3n, y lo que pedimos es contener, con escucha y con empat\u00eda, que es el principio de la soluci\u00f3n\u201d, expres\u00f3 Lorenzino.<\/p>\n\n\n\n<p class=\"wp-block-paragraph\">En tanto, Teresa Garc\u00eda manifest\u00f3 que \u201ces muy importante esta inauguraci\u00f3n porque desde la delegaci\u00f3n se van a atender muchas problem\u00e1ticas, y de esta manera se va a articular con muchos organismos de la Provincia\u201d.<\/p>\n\n\n\n<p class=\"wp-block-paragraph\">Por su parte, Claramunt, indic\u00f3 que \u201cqueremos una sociedad m\u00e1s justa e igualitaria en San Isidro. Tenemos la impronta de querer ayudar a todos y todas, y as\u00ed poder tejer redes para articular con otros organismos\u201d.<\/p>\n\n\n\n<p class=\"wp-block-paragraph\">De la inauguraci\u00f3n tambi\u00e9n participaron el secretario de Atenci\u00f3n y Desarrollo Territorial, Federico Santarelli, y la directora de Desarrollo Territorial de la Defensor\u00eda, Daniela Leguizam\u00f3n.<\/p>\n","protected":false},"excerpt":{"rendered":"<p>El Defensor<\/p>\n","protected":false},"author":1,"featured_media":39574,"comment_status":"closed","ping_status":"closed","sticky":false,"template":"","format":"standard","meta":{"footnotes":""},"categories":[5],"tags":[51,28,27],"class_list":["post-32114","post","type-post","status-publish","format-standard","has-post-thumbnail","hentry","category-provincia","tag-defensoria-del-pueblo","tag-gba","tag-provincia"],"_links":{"self":[{"href":"https:\/\/panoramadelsur.com.ar\/index.php?rest_route=\/wp\/v2\/posts\/32114","targetHints":{"allow":["GET"]}}],"collection":[{"href":"https:\/\/panoramadelsur.com.ar\/index.php?rest_route=\/wp\/v2\/posts"}],"about":[{"href":"https:\/\/panoramadelsur.com.ar\/index.php?rest_route=\/wp\/v2\/types\/post"}],"author":[{"embeddable":true,"href":"https:\/\/panoramadelsur.com.ar\/index.php?rest_route=\/wp\/v2\/users\/1"}],"replies":[{"embeddable":true,"href":"https:\/\/panoramadelsur.com.ar\/index.php?rest_route=%2Fwp%2Fv2%2Fcomments&post=32114"}],"version-history":[{"count":1,"href":"https:\/\/panoramadelsur.com.ar\/index.php?rest_route=\/wp\/v2\/posts\/32114\/revisions"}],"predecessor-version":[{"id":32116,"href":"https:\/\/panoramadelsur.com.ar\/index.php?rest_route=\/wp\/v2\/posts\/32114\/revisions\/32116"}],"wp:featuredmedia":[{"embeddable":true,"href":"https:\/\/panoramadelsur.com.ar\/index.php?rest_route=\/wp\/v2\/media\/39574"}],"wp:attachment":[{"href":"https:\/\/panoramadelsur.com.ar\/index.php?rest_route=%2Fwp%2Fv2%2Fmedia&parent=32114"}],"wp:term":[{"taxonomy":"category","embeddable":true,"href":"https:\/\/panoramadelsur.com.ar\/index.php?rest_route=%2Fwp%2Fv2%2Fcategories&post=32114"},{"taxonomy":"post_tag","embeddable":true,"href":"https:\/\/panoramadelsur.com.ar\/index.php?rest_route=%2Fwp%2Fv2%2Ftags&post=32114"}],"curies":[{"name":"wp","href":"https:\/\/api.w.org\/{rel}","templated":true}]}}