{"id":32117,"date":"2022-11-03T01:01:00","date_gmt":"2022-11-03T04:01:00","guid":{"rendered":"https:\/\/panoramadelsur.com.ar\/?p=32117"},"modified":"2022-11-02T19:37:22","modified_gmt":"2022-11-02T22:37:22","slug":"buscan-a-un-hombre-de-39-anos-que-desaparecio-en-bosques-luego-de-salir-a-comprar-un-auto","status":"publish","type":"post","link":"https:\/\/panoramadelsur.com.ar\/?p=32117","title":{"rendered":"BUSCAN A UN HOMBRE DE 39 A\u00d1OS QUE DESAPARECI\u00d3 EN BOSQUES LUEGO DE SALIR A COMPRAR UN AUTO"},"content":{"rendered":"\n<p class=\"wp-block-paragraph\">Un hombre de 39 a\u00f1os es intensamente buscado por familiares y la polic\u00eda bonaerense luego de que saliera de su casa en la localidad bonaerense de Bosques, partido de Florencio Varela, el pasado viernes, con m\u00e1s de un mill\u00f3n de pesos con la intenci\u00f3n de concretar la compra de un auto que vio a trav\u00e9s de una publicaci\u00f3n de Facebook.<\/p>\n\n\n\n<p class=\"wp-block-paragraph\">El caso es investigado por un fiscal de Florencio Varela, Hern\u00e1n Bustos Rivas, y el hombre buscado es Jos\u00e9 Francisco Barboza (39), un remisero que fue visto por \u00faltima vez por sus familiares el pasado viernes cuando sali\u00f3 de su casa para encontrarse con un amigo suyo, llamado Diego.<\/p>\n\n\n\n<p class=\"wp-block-paragraph\">Seg\u00fan indicaron los familiares de Barboza, ese hombre lo iba a acompa\u00f1ar para que comprara un veh\u00edculo que se ofertaba a trav\u00e9s de la plataforma Marketplace.<\/p>\n\n\n\n<p class=\"wp-block-paragraph\">En ese sentido, la esposa de Jos\u00e9 asegur\u00f3 que su marido hab\u00eda vendido su camioneta la semana anterior y que ten\u00eda en su poder m\u00e1s de un mill\u00f3n de pesos para comprar otro autom\u00f3vil.<\/p>\n\n\n\n<p class=\"wp-block-paragraph\">Sin embargo, seg\u00fan se pudo conocer a partir de los registros de las c\u00e1maras de seguridad, Jos\u00e9 volvi\u00f3 a la cuadra de su casa unas horas despu\u00e9s en el auto de su amigo, sin haber concretado la transacci\u00f3n.<\/p>\n\n\n\n<p class=\"wp-block-paragraph\">\u201cDiego lo trajo a Jos\u00e9 a casa, entr\u00f3 en el estacionamiento y despu\u00e9s de ah\u00ed no se ve m\u00e1s nada\u201d, se\u00f1al\u00f3 con preocupaci\u00f3n Roxana, esposa del hombre desaparecido, en di\u00e1logo con Canal 9.<\/p>\n\n\n\n<p class=\"wp-block-paragraph\">Esa secuencia qued\u00f3 registrada en las c\u00e1maras de seguridad de los alrededores de la casa de Barboza, sobre las cuales su hermana Nancy indic\u00f3 a C5N que \u201cno hay dudas que es \u00e9l, por la forma de caminar \u00ab.<\/p>\n\n\n\n<p class=\"wp-block-paragraph\">Adem\u00e1s, Roxana indic\u00f3 que Jos\u00e9 \u201cno ve\u00eda hace 8 a\u00f1os\u201d a su amigo Diego y denunci\u00f3 que recibi\u00f3 un llamado an\u00f3nimo el lunes pasado.<\/p>\n\n\n\n<p class=\"wp-block-paragraph\">\u201cFue a las 11.45 de la ma\u00f1ana en el que una mujer me dec\u00eda: \u2018Yo sab\u00eda que iba a pagar\u2019. Lo \u00fanico que quiero es a mi esposo ac\u00e1 de nuevo\u201d, coment\u00f3 al respecto Roxana, quien tiene un hijo de 2 a\u00f1os junto a Jos\u00e9.<\/p>\n\n\n\n<p class=\"wp-block-paragraph\">Por otro lado, fuentes judiciales se\u00f1alaron que \u201cno est\u00e1 acreditado\u201d que Barboza haya ido a comprar un auto y aclararon que se est\u00e1 trabajando minuciosamente sobre \u201clos contactos telef\u00f3nicos\u201d que mantuvo Barboza las horas previas a su desaparici\u00f3n.<\/p>\n\n\n\n<p class=\"wp-block-paragraph\">A su vez, los voceros indicaron que el hombre de 39 a\u00f1os hab\u00eda averiguado por los precios de hoteles en La Plata y que ten\u00eda \u201cproblemas econ\u00f3micos y de pareja\u201d.<\/p>\n\n\n\n<p class=\"wp-block-paragraph\">\u201cEn el \u00faltimo tiempo, Barboza hab\u00eda ten\u00eda problemas econ\u00f3micos y con su esposa. Ten\u00eda antecedentes de haber tenido un cuadro depresivo\u201d, asegur\u00f3 a esta agencia una fuente con acceso al expediente.<\/p>\n\n\n\n<p class=\"wp-block-paragraph\">Por su parte, Roxana asegur\u00f3 que Jos\u00e9 \u201dsigue vivo y va a volver\u201d a su casa.<\/p>\n\n\n\n<p class=\"wp-block-paragraph\">\u201cEl comisario me dijo que hab\u00edan ido a rastrillar La Tosquera. Sabemos que Jos\u00e9 est\u00e1 vivo y va a volver. Ahora van a ir a ver la estaci\u00f3n de colectivos de El Cruce de Varela para ver si se registr\u00f3 para hacer un viaje\u201d, manifest\u00f3 la mujer.<\/p>\n\n\n\n<p class=\"wp-block-paragraph\">Al momento de su desaparici\u00f3n, Barboza vest\u00eda un pantal\u00f3n de jean, chaqueta verde oscuro, remera gris y zapatillas color verde oliva, a la vez que cuenta con varios tatuajes.<\/p>\n\n\n\n<p class=\"wp-block-paragraph\">En un antebrazo tiene tatuado el nombre \u00abTiziano\u00bb, en el otro dice \u00abTob\u00edas\u00bb, en su pecho se puede ver \u00abOriana\u00bb y cuenta con tr\u00e9bol de cuatro hojas en su mu\u00f1eca derecha.<\/p>\n\n\n\n<p class=\"wp-block-paragraph\">Desde el Gobierno de la provincia de Buenos Aires emitieron una alerta por su b\u00fasqueda y pidieron comunicarse con el 911, el 221 4293015 o el 11-5008-0120 ante cualquier dato que se pueda aportar sobre su paradero.<\/p>\n","protected":false},"excerpt":{"rendered":"<p>Un hombre<\/p>\n","protected":false},"author":1,"featured_media":39574,"comment_status":"closed","ping_status":"closed","sticky":false,"template":"","format":"standard","meta":{"footnotes":""},"categories":[10,3],"tags":[30],"class_list":["post-32117","post","type-post","status-publish","format-standard","has-post-thumbnail","hentry","category-mas-noticias","category-regionales","tag-varela"],"_links":{"self":[{"href":"https:\/\/panoramadelsur.com.ar\/index.php?rest_route=\/wp\/v2\/posts\/32117","targetHints":{"allow":["GET"]}}],"collection":[{"href":"https:\/\/panoramadelsur.com.ar\/index.php?rest_route=\/wp\/v2\/posts"}],"about":[{"href":"https:\/\/panoramadelsur.com.ar\/index.php?rest_route=\/wp\/v2\/types\/post"}],"author":[{"embeddable":true,"href":"https:\/\/panoramadelsur.com.ar\/index.php?rest_route=\/wp\/v2\/users\/1"}],"replies":[{"embeddable":true,"href":"https:\/\/panoramadelsur.com.ar\/index.php?rest_route=%2Fwp%2Fv2%2Fcomments&post=32117"}],"version-history":[{"count":1,"href":"https:\/\/panoramadelsur.com.ar\/index.php?rest_route=\/wp\/v2\/posts\/32117\/revisions"}],"predecessor-version":[{"id":32119,"href":"https:\/\/panoramadelsur.com.ar\/index.php?rest_route=\/wp\/v2\/posts\/32117\/revisions\/32119"}],"wp:featuredmedia":[{"embeddable":true,"href":"https:\/\/panoramadelsur.com.ar\/index.php?rest_route=\/wp\/v2\/media\/39574"}],"wp:attachment":[{"href":"https:\/\/panoramadelsur.com.ar\/index.php?rest_route=%2Fwp%2Fv2%2Fmedia&parent=32117"}],"wp:term":[{"taxonomy":"category","embeddable":true,"href":"https:\/\/panoramadelsur.com.ar\/index.php?rest_route=%2Fwp%2Fv2%2Fcategories&post=32117"},{"taxonomy":"post_tag","embeddable":true,"href":"https:\/\/panoramadelsur.com.ar\/index.php?rest_route=%2Fwp%2Fv2%2Ftags&post=32117"}],"curies":[{"name":"wp","href":"https:\/\/api.w.org\/{rel}","templated":true}]}}