{"id":32120,"date":"2022-11-03T01:01:00","date_gmt":"2022-11-03T04:01:00","guid":{"rendered":"https:\/\/panoramadelsur.com.ar\/?p=32120"},"modified":"2022-11-03T07:41:29","modified_gmt":"2022-11-03T10:41:29","slug":"este-jueves-pensiones-no-contributivas-a-titulares-con-dni-finalizado-en-4-y-5","status":"publish","type":"post","link":"https:\/\/panoramadelsur.com.ar\/?p=32120","title":{"rendered":"ESTE JUEVES PAGAN PENSIONES NO CONTRIBUTIVAS A TITULARES CON DNI FINALIZADO EN 4 Y 5"},"content":{"rendered":"\n<p class=\"wp-block-paragraph\">Los titulares de Pensiones No Contributivas con Documento Nacional de Identidad (DNI) finalizado en 4 y 5 cobrar\u00e1n este jueves por ventanilla en las sucursales bancarias correspondientes, seg\u00fan inform\u00f3 la Administraci\u00f3n Nacional de Seguridad Social (Anses) y recibir\u00e1n el aumento del 15,53% por Ley de Movilidad Jubilatoria.<\/p>\n\n\n\n<p class=\"wp-block-paragraph\">El organismo previsional se\u00f1al\u00f3 que \u00ablos jubilados que perciban un haber m\u00ednimo cobrar\u00e1n junto a sus haberes un bono extra de $ 7.000 y de $ 4.000 los que perciben hasta dos salarios m\u00ednimos, mientras contin\u00faa el pago de las Asignaciones Familiares de Pensiones No Contributivas de octubre para todas las terminaciones de DNI hasta el 14 de noviembre pr\u00f3ximo\u00bb.<\/p>\n\n\n\n<p class=\"wp-block-paragraph\">La Anses abonar\u00e1 este mes la primer cuota de 22.500 pesos, correspondiente al IFE 5, el refuerzo alimentario para personas que no poseen trabajo registrado ni reciben asistencia del Estado, en tanto que la segunda cuota de igual monto, se pagar\u00e1 en diciembre pr\u00f3ximo\u00bb.<\/p>\n\n\n\n<p class=\"wp-block-paragraph\">Por otra parte, la mayor\u00eda de quienes reciben la Asignaci\u00f3n Universal por Hijo (AUH) recibir\u00e1n un monto extra por el pago de la Tarjeta Alimentar.<\/p>\n\n\n\n<p class=\"wp-block-paragraph\">Adem\u00e1s podr\u00e1n solicitar, una \u00fanica vez al a\u00f1o, el 20% restante con la presentaci\u00f3n de la Liberta de Asignaci\u00f3n Universal.<\/p>\n","protected":false},"excerpt":{"rendered":"<p>Los titulares<\/p>\n","protected":false},"author":1,"featured_media":39574,"comment_status":"closed","ping_status":"closed","sticky":false,"template":"","format":"standard","meta":{"footnotes":""},"categories":[4,8],"tags":[20,59,148],"class_list":["post-32120","post","type-post","status-publish","format-standard","has-post-thumbnail","hentry","category-nacionales","category-para-agendar","tag-anses","tag-nacionales","tag-pensiones-no-contributivas"],"_links":{"self":[{"href":"https:\/\/panoramadelsur.com.ar\/index.php?rest_route=\/wp\/v2\/posts\/32120","targetHints":{"allow":["GET"]}}],"collection":[{"href":"https:\/\/panoramadelsur.com.ar\/index.php?rest_route=\/wp\/v2\/posts"}],"about":[{"href":"https:\/\/panoramadelsur.com.ar\/index.php?rest_route=\/wp\/v2\/types\/post"}],"author":[{"embeddable":true,"href":"https:\/\/panoramadelsur.com.ar\/index.php?rest_route=\/wp\/v2\/users\/1"}],"replies":[{"embeddable":true,"href":"https:\/\/panoramadelsur.com.ar\/index.php?rest_route=%2Fwp%2Fv2%2Fcomments&post=32120"}],"version-history":[{"count":2,"href":"https:\/\/panoramadelsur.com.ar\/index.php?rest_route=\/wp\/v2\/posts\/32120\/revisions"}],"predecessor-version":[{"id":32215,"href":"https:\/\/panoramadelsur.com.ar\/index.php?rest_route=\/wp\/v2\/posts\/32120\/revisions\/32215"}],"wp:featuredmedia":[{"embeddable":true,"href":"https:\/\/panoramadelsur.com.ar\/index.php?rest_route=\/wp\/v2\/media\/39574"}],"wp:attachment":[{"href":"https:\/\/panoramadelsur.com.ar\/index.php?rest_route=%2Fwp%2Fv2%2Fmedia&parent=32120"}],"wp:term":[{"taxonomy":"category","embeddable":true,"href":"https:\/\/panoramadelsur.com.ar\/index.php?rest_route=%2Fwp%2Fv2%2Fcategories&post=32120"},{"taxonomy":"post_tag","embeddable":true,"href":"https:\/\/panoramadelsur.com.ar\/index.php?rest_route=%2Fwp%2Fv2%2Ftags&post=32120"}],"curies":[{"name":"wp","href":"https:\/\/api.w.org\/{rel}","templated":true}]}}