{"id":32122,"date":"2022-11-03T01:03:00","date_gmt":"2022-11-03T04:03:00","guid":{"rendered":"https:\/\/panoramadelsur.com.ar\/?p=32122"},"modified":"2022-11-03T00:03:05","modified_gmt":"2022-11-03T03:03:05","slug":"cristina-kirchner-hablara-por-primera-vez-en-publico-luego-del-atentado-en-un-acto-de-la-uom","status":"publish","type":"post","link":"https:\/\/panoramadelsur.com.ar\/?p=32122","title":{"rendered":"CRISTINA KIRCHNER HABLAR\u00c1 POR PRIMERA VEZ EN P\u00daBLICO LUEGO DEL ATENTADO, EN UN ACTO DE LA UOM"},"content":{"rendered":"\n<p class=\"wp-block-paragraph\">La vicepresidenta de la Naci\u00f3n, Cristina Fern\u00e1ndez de Kirchner, participar\u00e1 ma\u00f1ana viernes por la tarde de un acto organizado por la Uni\u00f3n Obrera Metal\u00fargica (UOM) en Pilar, donde hablar\u00e1 por primera vez en una concentraci\u00f3n p\u00fablica despu\u00e9s del intento de asesinato que padeci\u00f3 el pasado 1 de septiembre cuando ingresaba a su domicilio en el barrio de Recoleta.<\/p>\n\n\n\n<p class=\"wp-block-paragraph\">La presencia de la Vicepresidenta en el congreso de la UOM de la provincia de Buenos Aires es producto de una invitaci\u00f3n que recibi\u00f3 hace quince d\u00edas por parte del secretario general del gremio, Abel Furl\u00e1n, informaron desde el equipo de colaboradores de Fern\u00e1ndez de Kirchner.<\/p>\n\n\n\n<p class=\"wp-block-paragraph\">El acto, que comenzar\u00e1 a las 17, tendr\u00e1 lugar en el Microestadio Municipal de Pilar y ser\u00e1 el cierre de los Congresos Regionales que el gremio metal\u00fargico desarroll\u00f3 en todo el pa\u00eds.<\/p>\n\n\n\n<p class=\"wp-block-paragraph\">Al ser un congreso del sindicato, los participantes ser\u00e1n exclusivamente dirigentes, congresales y afiliados del gremio metal\u00fargico; sin embargo, el evento contar\u00e1 con transmisi\u00f3n v\u00eda sat\u00e9lite y por streaming.<\/p>\n\n\n\n<p class=\"wp-block-paragraph\">Furl\u00e1n ocupa el cargo de secretario general desde el 22 de marzo pasado, cuando fue electo sucesor del anterior jefe de la UOM, Antonio Cal\u00f3.<\/p>\n\n\n\n<p class=\"wp-block-paragraph\">El 26 de agosto \u00faltimo, el diputado nacional y titular del PJ bonaerense, M\u00e1ximo Kirchner, comparti\u00f3 con el dirigente metal\u00fargico un encuentro con delegados del gremio en el que tambi\u00e9n estuvo el ministro de Trabajo bonaerense, Walter Correa.<\/p>\n\n\n\n<p class=\"wp-block-paragraph\">En aquel evento, M\u00e1ximo record\u00f3 que con Furl\u00e1n fueron \u00abcompa\u00f1eros de bloque\u00bb durante la gesti\u00f3n de Mauricio Macri, un per\u00edodo en el que junto a Wado De Pedro, Mayra Mendoza y Luana Volnovich \u00abest\u00e1bamos en penitencia por el peronismo racional de esa \u00e9poca\u00bb.<\/p>\n\n\n\n<p class=\"wp-block-paragraph\">El estrecho v\u00ednculo de la UOM con el kirchnerismo se debe tambi\u00e9n al \u00abcrecimiento exponencial\u00bb que tuvo la tasa de afiliaci\u00f3n del sindicato durante los tres mandatos de N\u00e9stor Kirchner y Cristina Fern\u00e1ndez de Kirchner, un proceso que se reflej\u00f3 no solo en el crecimiento de la industria metal\u00fargica sino tambi\u00e9n en el poder adquisitivo del salario que ten\u00edan por entonces los trabajadores del sector, se\u00f1alaron fuentes del Frente de Todos. <\/p>\n","protected":false},"excerpt":{"rendered":"<p>La vicepresidenta<\/p>\n","protected":false},"author":1,"featured_media":39574,"comment_status":"closed","ping_status":"closed","sticky":false,"template":"","format":"standard","meta":{"footnotes":""},"categories":[4,8],"tags":[180,59],"class_list":["post-32122","post","type-post","status-publish","format-standard","has-post-thumbnail","hentry","category-nacionales","category-para-agendar","tag-cristina-fernandez-de-kirchner","tag-nacionales"],"_links":{"self":[{"href":"https:\/\/panoramadelsur.com.ar\/index.php?rest_route=\/wp\/v2\/posts\/32122","targetHints":{"allow":["GET"]}}],"collection":[{"href":"https:\/\/panoramadelsur.com.ar\/index.php?rest_route=\/wp\/v2\/posts"}],"about":[{"href":"https:\/\/panoramadelsur.com.ar\/index.php?rest_route=\/wp\/v2\/types\/post"}],"author":[{"embeddable":true,"href":"https:\/\/panoramadelsur.com.ar\/index.php?rest_route=\/wp\/v2\/users\/1"}],"replies":[{"embeddable":true,"href":"https:\/\/panoramadelsur.com.ar\/index.php?rest_route=%2Fwp%2Fv2%2Fcomments&post=32122"}],"version-history":[{"count":1,"href":"https:\/\/panoramadelsur.com.ar\/index.php?rest_route=\/wp\/v2\/posts\/32122\/revisions"}],"predecessor-version":[{"id":32124,"href":"https:\/\/panoramadelsur.com.ar\/index.php?rest_route=\/wp\/v2\/posts\/32122\/revisions\/32124"}],"wp:featuredmedia":[{"embeddable":true,"href":"https:\/\/panoramadelsur.com.ar\/index.php?rest_route=\/wp\/v2\/media\/39574"}],"wp:attachment":[{"href":"https:\/\/panoramadelsur.com.ar\/index.php?rest_route=%2Fwp%2Fv2%2Fmedia&parent=32122"}],"wp:term":[{"taxonomy":"category","embeddable":true,"href":"https:\/\/panoramadelsur.com.ar\/index.php?rest_route=%2Fwp%2Fv2%2Fcategories&post=32122"},{"taxonomy":"post_tag","embeddable":true,"href":"https:\/\/panoramadelsur.com.ar\/index.php?rest_route=%2Fwp%2Fv2%2Ftags&post=32122"}],"curies":[{"name":"wp","href":"https:\/\/api.w.org\/{rel}","templated":true}]}}