{"id":32125,"date":"2022-11-03T01:06:00","date_gmt":"2022-11-03T04:06:00","guid":{"rendered":"https:\/\/panoramadelsur.com.ar\/?p=32125"},"modified":"2022-11-03T00:17:15","modified_gmt":"2022-11-03T03:17:15","slug":"zannini-si-cristina-ve-la-necesidad-de-ser-candidata-no-le-va-a-esquivar-el-bulto","status":"publish","type":"post","link":"https:\/\/panoramadelsur.com.ar\/?p=32125","title":{"rendered":"ZANNINI: \u00abSI CRISTINA VE LA NECESIDAD DE SER CANDIDATA NO LE VA A ESQUIVAR EL BULTO\u00bb"},"content":{"rendered":"\n<p class=\"wp-block-paragraph\">El procurador del Tesoro, Carlos Zannini, asegur\u00f3 que la vicepresidenta Cristina Fern\u00e1ndez de Kirchner es \u00abmuy valiente\u00bb y tiene \u00abla responsabilidad suficiente\u00bb para hacerse cargo de lo que \u00abla Historia le pida\u00bb, al mismo tiempo que conden\u00f3 el fallo que concedi\u00f3 la libertad a los integrantes de Revoluci\u00f3n Federal porque \u00abes un mensaje de impunidad\u00bb.<\/p>\n\n\n\n<p class=\"wp-block-paragraph\">\u201cCristina es muy valiente. Ella tiene m\u00e1s claro que nadie su papel hist\u00f3rico en Argentina, va a actuar en consonancia con eso. Si Cristina ve la necesidad de ser candidata, no le va a esquivar el bulto\u201d, marc\u00f3 Zannini en di\u00e1logo con El Destape Radio y afirm\u00f3 que la Vicepresidenta \u00abtiene la responsabilidad suficiente para hacerse cargo de lo que la Historia le pida\u00bb.<\/p>\n\n\n\n<p class=\"wp-block-paragraph\">Tambi\u00e9n asegur\u00f3: \u201cCristina es muy fuerte. Tiene la fortaleza de millones de mujeres argentinas. Creo que no le hace mella, pero tambi\u00e9n creo que le exigimos demasiado\u201d.<\/p>\n\n\n\n<p class=\"wp-block-paragraph\">Zannini, que fue Secretario Legal y T\u00e9cnico durante los tres mandatos de N\u00e9stor y Cristina Kirchner, consider\u00f3 que fueron \u201cpresidentes distintos al resto\u201d, y los compar\u00f3 con Per\u00f3n, porque \u201cellos ten\u00edan una visi\u00f3n estrat\u00e9gica del pa\u00eds que quer\u00edan mucho m\u00e1s firme que el resto\u201d de los presidentes argentinos.<\/p>\n\n\n\n<p class=\"wp-block-paragraph\">Por otra parte, el procurador del Tesoro se mostr\u00f3 en contra del fallo que excarcel\u00f3 a los miembros de Revoluci\u00f3n Federal, e indic\u00f3 que la medida da un \u00abmensaje de impunidad, como si no hubiera ocurrido el atentado a Cristina\u00bb.<\/p>\n\n\n\n<p class=\"wp-block-paragraph\">\u00abLo que me parece peor de todo es que el atentado es un quiebre al pacto democr\u00e1tico que viene desde 1983 para ac\u00e1, reforzado en el 94 con la reforma de la Constituci\u00f3n Nacional\u00bb, se\u00f1al\u00f3 Zannini y apunt\u00f3 contra \u00abun sector de la pol\u00edtica\u00bb que \u00abest\u00e1 pensando en que eliminar al otro puede ser una soluci\u00f3n\u00bb.<\/p>\n\n\n\n<p class=\"wp-block-paragraph\">En ese sentido, dijo que \u00abel Poder Judicial\u00bb tuvo una actitud que \u00abno tiene en cuenta los mecanismos que se instalaron en la propia Constituci\u00f3n para su defensa\u00bb e indic\u00f3 que hay \u00abuna deformaci\u00f3n del concepto justicia\u00bb.<\/p>\n\n\n\n<p class=\"wp-block-paragraph\">Advirti\u00f3 que \u00abno son todos los miembros del Poder Judicial\u00bb los que obran de esta forma, \u00abpero est\u00e1n ubicados estrat\u00e9gicamente para poder consolidar un esquema de impunidad para algunos y de persecuci\u00f3n para otros\u00bb, respecto a la decisi\u00f3n tomada por La Sala I de la C\u00e1mara Federal porte\u00f1a, integrada por Mariano Llorens, Leopoldo Bruglia y Pablo Bertuzzi, que orden\u00f3 el martes la excarcelaci\u00f3n de los cuatro miembros de Revoluci\u00f3n Federal.<\/p>\n\n\n\n<p class=\"wp-block-paragraph\">Est\u00e1 medida \u00abdeja sin responsabilidad a quienes rompen el pacto democr\u00e1tico\u00bb, dijo Zannini y a\u00f1adi\u00f3: \u00abSi todos empezamos a pensar que la muerte es una soluci\u00f3n, este pa\u00eds no tiene futuro\u00bb.<\/p>\n\n\n\n<p class=\"wp-block-paragraph\">En torno al atentado que sufri\u00f3 la Vicepresidenta el 1 de septiembre en las inmediaciones de su casa, el procurador del Tesoro asegur\u00f3 que \u00abel objetivo es que tengamos miedo de ser Kirchnerista\u201d.<\/p>\n\n\n\n<p class=\"wp-block-paragraph\">Y se\u00f1al\u00f3 la existencia de un \u201cmetamensaje\u00bb, es decir, que \u00absi le paso algo a CFK, c\u00f3mo no le va a pasar a otro dirigente. Es todo un mensaje mafioso que se tira hacia el interior de la sociedad\u201d, indic\u00f3.<\/p>\n\n\n\n<p class=\"wp-block-paragraph\">De todas formas subray\u00f3 que \u201cel objetivo era matar a Cristina\u201d, porque saben que sin Cristina \u00abtodo el colectivo pol\u00edtico que se referencia en ella termina siendo muy diverso y de dif\u00edcil unidad\u00bb.<\/p>\n\n\n\n<p class=\"wp-block-paragraph\">\u00abEl objetivo era de muy corto plazo en la pol\u00edtica, porque supongo que el movimiento popular puede regenerar su situaci\u00f3n en la pol\u00edtica a partir de crisis\u00bb, agreg\u00f3.<\/p>\n\n\n\n<p class=\"wp-block-paragraph\">Y advirti\u00f3: \u00abDe todas maneras el hecho indica que alguna previsi\u00f3n hay que tomar, sin que se llegue al extremo de que (Fern\u00e1ndez de Kirchner) pierda contacto con la gente, porque lo que mejor le hace es el contacto con sus partidarios\u00bb.<\/p>\n\n\n\n<p class=\"wp-block-paragraph\">En esa misma l\u00ednea, apunt\u00f3: \u00abRodearse de custodia, de rejas y de chalecos como hace el Pro no creo que sea el camino. Deber\u00edamos reclamar para todos la seguridad de estar en paz, debatir, decir la verdad pol\u00edtica que uno tiene sin que vengan a tomar represalias\u00bb. <\/p>\n","protected":false},"excerpt":{"rendered":"<p>El procurador<\/p>\n","protected":false},"author":1,"featured_media":39574,"comment_status":"closed","ping_status":"closed","sticky":false,"template":"","format":"standard","meta":{"footnotes":""},"categories":[4],"tags":[],"class_list":["post-32125","post","type-post","status-publish","format-standard","has-post-thumbnail","hentry","category-nacionales"],"_links":{"self":[{"href":"https:\/\/panoramadelsur.com.ar\/index.php?rest_route=\/wp\/v2\/posts\/32125","targetHints":{"allow":["GET"]}}],"collection":[{"href":"https:\/\/panoramadelsur.com.ar\/index.php?rest_route=\/wp\/v2\/posts"}],"about":[{"href":"https:\/\/panoramadelsur.com.ar\/index.php?rest_route=\/wp\/v2\/types\/post"}],"author":[{"embeddable":true,"href":"https:\/\/panoramadelsur.com.ar\/index.php?rest_route=\/wp\/v2\/users\/1"}],"replies":[{"embeddable":true,"href":"https:\/\/panoramadelsur.com.ar\/index.php?rest_route=%2Fwp%2Fv2%2Fcomments&post=32125"}],"version-history":[{"count":1,"href":"https:\/\/panoramadelsur.com.ar\/index.php?rest_route=\/wp\/v2\/posts\/32125\/revisions"}],"predecessor-version":[{"id":32127,"href":"https:\/\/panoramadelsur.com.ar\/index.php?rest_route=\/wp\/v2\/posts\/32125\/revisions\/32127"}],"wp:featuredmedia":[{"embeddable":true,"href":"https:\/\/panoramadelsur.com.ar\/index.php?rest_route=\/wp\/v2\/media\/39574"}],"wp:attachment":[{"href":"https:\/\/panoramadelsur.com.ar\/index.php?rest_route=%2Fwp%2Fv2%2Fmedia&parent=32125"}],"wp:term":[{"taxonomy":"category","embeddable":true,"href":"https:\/\/panoramadelsur.com.ar\/index.php?rest_route=%2Fwp%2Fv2%2Fcategories&post=32125"},{"taxonomy":"post_tag","embeddable":true,"href":"https:\/\/panoramadelsur.com.ar\/index.php?rest_route=%2Fwp%2Fv2%2Ftags&post=32125"}],"curies":[{"name":"wp","href":"https:\/\/api.w.org\/{rel}","templated":true}]}}