{"id":32128,"date":"2022-11-03T01:08:00","date_gmt":"2022-11-03T04:08:00","guid":{"rendered":"https:\/\/panoramadelsur.com.ar\/?p=32128"},"modified":"2022-11-03T00:40:04","modified_gmt":"2022-11-03T03:40:04","slug":"massa-explico-a-senadores-oficialistas-el-alcance-del-pago-con-tarjeta-para-turistas-extranjeros","status":"publish","type":"post","link":"https:\/\/panoramadelsur.com.ar\/?p=32128","title":{"rendered":"MASSA EXPLIC\u00d3 A SENADORES OFICIALISTAS EL ALCANCE DEL PAGO CON TARJETA PARA TURISTAS EXTRANJEROS"},"content":{"rendered":"\n<p class=\"wp-block-paragraph\">El ministro de Econom\u00eda, Sergio Massa, y el equipo econ\u00f3mico se reunieron anoche con un grupo de senadores oficialistas a quienes les explicaron los alcances del nuevo mecanismo que permite que todos los gastos que los turistas extranjeros realicen en el pa\u00eds con tarjeta de cr\u00e9dito o de d\u00e9bito, se liquiden al valor del d\u00f3lar en mercado burs\u00e1til (MEP), que es mayor al del d\u00f3lar oficial del mercado \u00fanico de cambios.<\/p>\n\n\n\n<p class=\"wp-block-paragraph\">La resoluci\u00f3n con la que se implementar\u00e1 este mecanismo ser\u00e1 publicada este jueves por el Banco Central, de manera que entre en vigencia el viernes, seg\u00fan informaron fuentes del Palacio de Hacienda.<\/p>\n\n\n\n<p class=\"wp-block-paragraph\">Massa recibi\u00f3 a los legisladores en la sede de la cartera econ\u00f3mica en compa\u00f1\u00eda del secretario de Hacienda, Ra\u00fal Rigo; Flavia Roy\u00f3n, de Energ\u00eda; Juan Jos\u00e9 Bahillo, de Agricultura;&nbsp;Guillermo Michel, director general de Aduanas, Ariel Sujarchuk, de Econom\u00eda del Conocimiento; Ricardo Casal, secretario Legal y Administrativo; Marco Lavagna, director del Indec; y el jefe de gabinete, Ra\u00fal P\u00e9rez.<\/p>\n\n\n\n<p class=\"wp-block-paragraph\">De esta manera, las operadoras de tarjetas de cr\u00e9dito, en lugar de liquidar las operaciones a trav\u00e9s de d\u00f3lar oficial, que ayer cerr\u00f3 por encima de $164 por unidad, lo podr\u00e1n hacer a trav\u00e9s del d\u00f3lar MEP, a $290.<\/p>\n\n\n\n<p class=\"wp-block-paragraph\">Este mecanismo, adem\u00e1s, har\u00e1 m\u00e1s \u00abtransparente\u00bb la operatoria del turismo, ya que los visitantes en lugar de cambiar sus billetes en el mercado informal, y pagar en efectivo sus cuentas tanto en restaurantes como comercios, ahora lo podr\u00e1n hacer con sus tarjetas.<\/p>\n\n\n\n<p class=\"wp-block-paragraph\">Las operadoras de estas tarjetas, a su vez, tendr\u00e1n cinco d\u00edas para liquidar los d\u00f3lares que reciben de sus clientes ya sea a trav\u00e9s del d\u00f3lar oficial o en el mercado burs\u00e1til con el MEP, que se opera contra t\u00edtulos privados que cotizan en la Bolsa de Comercio.<\/p>\n\n\n\n<p class=\"wp-block-paragraph\">La comitiva legislativa estuvo encabezada por Anabel Fern\u00e1ndez Sagasti (vice presidenta del interbloque senadores de todos), Juliana di Tullio (presidenta Bloque UC), Lucia Corpacci (vicepresidenta del Bloque Nacional y Popular).<\/p>\n\n\n\n<p class=\"wp-block-paragraph\">Mar\u00eda Luz Alonso (secretaria Administrativa del Senado), Ricardo Guerra (presidente Comisi\u00f3n de Presupuesto), Mar\u00eda Teresa Gonz\u00e1lez, Sergio Leavy, Guillermo Andrada, Pablo Yedlin, Silvia Sapag, Maurice Closs, Nora Gimenez, Adolfo Rodr\u00edguez Saa, Oscar Parrilli, Marcelo Lewandowski, Clara Vega, Carlos Linares, Edgardo Kuider, Jos\u00e9 Emilio Neder, Gerardo Montenegro, Carlos Mauricio Esp\u00ednola, Guillermo Snopek. <\/p>\n","protected":false},"excerpt":{"rendered":"<p>El ministro<\/p>\n","protected":false},"author":1,"featured_media":39574,"comment_status":"closed","ping_status":"closed","sticky":false,"template":"","format":"standard","meta":{"footnotes":""},"categories":[4],"tags":[59,125],"class_list":["post-32128","post","type-post","status-publish","format-standard","has-post-thumbnail","hentry","category-nacionales","tag-nacionales","tag-sergio-massa"],"_links":{"self":[{"href":"https:\/\/panoramadelsur.com.ar\/index.php?rest_route=\/wp\/v2\/posts\/32128","targetHints":{"allow":["GET"]}}],"collection":[{"href":"https:\/\/panoramadelsur.com.ar\/index.php?rest_route=\/wp\/v2\/posts"}],"about":[{"href":"https:\/\/panoramadelsur.com.ar\/index.php?rest_route=\/wp\/v2\/types\/post"}],"author":[{"embeddable":true,"href":"https:\/\/panoramadelsur.com.ar\/index.php?rest_route=\/wp\/v2\/users\/1"}],"replies":[{"embeddable":true,"href":"https:\/\/panoramadelsur.com.ar\/index.php?rest_route=%2Fwp%2Fv2%2Fcomments&post=32128"}],"version-history":[{"count":1,"href":"https:\/\/panoramadelsur.com.ar\/index.php?rest_route=\/wp\/v2\/posts\/32128\/revisions"}],"predecessor-version":[{"id":32130,"href":"https:\/\/panoramadelsur.com.ar\/index.php?rest_route=\/wp\/v2\/posts\/32128\/revisions\/32130"}],"wp:featuredmedia":[{"embeddable":true,"href":"https:\/\/panoramadelsur.com.ar\/index.php?rest_route=\/wp\/v2\/media\/39574"}],"wp:attachment":[{"href":"https:\/\/panoramadelsur.com.ar\/index.php?rest_route=%2Fwp%2Fv2%2Fmedia&parent=32128"}],"wp:term":[{"taxonomy":"category","embeddable":true,"href":"https:\/\/panoramadelsur.com.ar\/index.php?rest_route=%2Fwp%2Fv2%2Fcategories&post=32128"},{"taxonomy":"post_tag","embeddable":true,"href":"https:\/\/panoramadelsur.com.ar\/index.php?rest_route=%2Fwp%2Fv2%2Ftags&post=32128"}],"curies":[{"name":"wp","href":"https:\/\/api.w.org\/{rel}","templated":true}]}}