{"id":32131,"date":"2022-11-03T01:08:00","date_gmt":"2022-11-03T04:08:00","guid":{"rendered":"https:\/\/panoramadelsur.com.ar\/?p=32131"},"modified":"2022-11-03T04:50:33","modified_gmt":"2022-11-03T07:50:33","slug":"atletico-tucuman-busca-renovacion-con-el-dt-pusineri-y-evitar-un-exodo-de-jugadores","status":"publish","type":"post","link":"https:\/\/panoramadelsur.com.ar\/?p=32131","title":{"rendered":"ATL\u00c9TICO TUCUM\u00c1N BUSCA RENOVACI\u00d3N CON EL DT PUSINERI Y EVITAR UN \u00c9XODO DE JUGADORES"},"content":{"rendered":"\n<p class=\"wp-block-paragraph\">Atl\u00e9tico Tucum\u00e1n buscar\u00e1 renovar la continuidad del DT Lucas Pusineri, a la vez que intentar\u00e1 detener una eventual \u2018sangr\u00eda\u2019 de jugadores que ya no pertenecer\u00edan m\u00e1s al plantel de la temporada 2023.<\/p>\n\n\n\n<p class=\"wp-block-paragraph\">El vocal Miguel Abbond\u00e1ndolo, uno de los encargados del f\u00fatbol profesional del \u2018Decano\u2019, destac\u00f3 la conformidad existente en el club de 25de Mayo y Chile con la performance desarrollada por el entrenador en el pasado certamen de la LPF.<\/p>\n\n\n\n<p class=\"wp-block-paragraph\">\u201cNosotros siempre buscamos continuar los procesos, independientemente de c\u00f3mo terminara el campeonato. La Comisi\u00f3n Directiva est\u00e1 muy conforme con el trabajo de Lucas, en c\u00f3mo ha valorizado los jugadores de Atl\u00e9tico\u201d, sostuvo el dirigente al programa radial \u2018Pisando el \u00e1rea\u2019 (FM La Tucumana 95.9).<\/p>\n\n\n\n<p class=\"wp-block-paragraph\">El directivo cont\u00f3 que en los pr\u00f3ximos d\u00edas \u201cproseguir\u00e1n las conversaciones\u201d con el prop\u00f3sito de sellar el acuerdo que permita la continuidad.<\/p>\n\n\n\n<p class=\"wp-block-paragraph\">Uno de los puntos clave figura en el armado del plantel y, dentro de ello, existe preocupaci\u00f3n en que no se desmantele el equipo.<\/p>\n\n\n\n<p class=\"wp-block-paragraph\">En principio, el mediocampista ofensivo Ramiro Carrera tiene pr\u00e1cticamente todo arreglado para vincularse al Cruz Azul de M\u00e9xico.<\/p>\n\n\n\n<p class=\"wp-block-paragraph\">Pero tambi\u00e9n se alejar\u00e1n porque finalizan sus respectivos pr\u00e9stamos los defensores Nicol\u00e1s Thaller y Jonathan Sandoval; el mediocampista Francisco Di Franco y el extremo Eugenio Isnaldo.<\/p>\n\n\n\n<p class=\"wp-block-paragraph\">Restar\u00e1 definir las situaciones de Gast\u00f3n Gil Romero y Ciro Rius, mientras que otros cuatro jugadores retornar\u00e1n de sendos pr\u00e9stamos: Yonathan Cabral (Lan\u00fas), Mauro Osores y Nicol\u00e1s Lam\u00e9ndola (Atl\u00e9tico de Rafaela) y Leonardo Heredia (Estudiantes de La Plata).<\/p>\n\n\n\n<p class=\"wp-block-paragraph\">En tanto, el \u2018Decano\u2019 est\u00e1 decidido a hacer uso de la opci\u00f3n de compra del pase de Joaqu\u00edn Pereyra (que pertenece a Rosario Central) y del lateral derecho Mart\u00edn Garay (ya se iniciaron conversaciones con Estudiantes de Caseros). <\/p>\n","protected":false},"excerpt":{"rendered":"<p>Atl\u00e9tico Tucum\u00e1n<\/p>\n","protected":false},"author":1,"featured_media":39574,"comment_status":"closed","ping_status":"closed","sticky":false,"template":"","format":"standard","meta":{"footnotes":""},"categories":[6],"tags":[22,29,50],"class_list":["post-32131","post","type-post","status-publish","format-standard","has-post-thumbnail","hentry","category-deportes","tag-futbol","tag-liga-profesional","tag-lpf"],"_links":{"self":[{"href":"https:\/\/panoramadelsur.com.ar\/index.php?rest_route=\/wp\/v2\/posts\/32131","targetHints":{"allow":["GET"]}}],"collection":[{"href":"https:\/\/panoramadelsur.com.ar\/index.php?rest_route=\/wp\/v2\/posts"}],"about":[{"href":"https:\/\/panoramadelsur.com.ar\/index.php?rest_route=\/wp\/v2\/types\/post"}],"author":[{"embeddable":true,"href":"https:\/\/panoramadelsur.com.ar\/index.php?rest_route=\/wp\/v2\/users\/1"}],"replies":[{"embeddable":true,"href":"https:\/\/panoramadelsur.com.ar\/index.php?rest_route=%2Fwp%2Fv2%2Fcomments&post=32131"}],"version-history":[{"count":1,"href":"https:\/\/panoramadelsur.com.ar\/index.php?rest_route=\/wp\/v2\/posts\/32131\/revisions"}],"predecessor-version":[{"id":32133,"href":"https:\/\/panoramadelsur.com.ar\/index.php?rest_route=\/wp\/v2\/posts\/32131\/revisions\/32133"}],"wp:featuredmedia":[{"embeddable":true,"href":"https:\/\/panoramadelsur.com.ar\/index.php?rest_route=\/wp\/v2\/media\/39574"}],"wp:attachment":[{"href":"https:\/\/panoramadelsur.com.ar\/index.php?rest_route=%2Fwp%2Fv2%2Fmedia&parent=32131"}],"wp:term":[{"taxonomy":"category","embeddable":true,"href":"https:\/\/panoramadelsur.com.ar\/index.php?rest_route=%2Fwp%2Fv2%2Fcategories&post=32131"},{"taxonomy":"post_tag","embeddable":true,"href":"https:\/\/panoramadelsur.com.ar\/index.php?rest_route=%2Fwp%2Fv2%2Ftags&post=32131"}],"curies":[{"name":"wp","href":"https:\/\/api.w.org\/{rel}","templated":true}]}}