{"id":32134,"date":"2022-11-03T01:07:00","date_gmt":"2022-11-03T04:07:00","guid":{"rendered":"https:\/\/panoramadelsur.com.ar\/?p=32134"},"modified":"2022-11-03T01:22:38","modified_gmt":"2022-11-03T04:22:38","slug":"las-empresas-publicas-tienen-mucho-para-aportar-aseguro-pablo-ceriani","status":"publish","type":"post","link":"https:\/\/panoramadelsur.com.ar\/?p=32134","title":{"rendered":"\u00abLAS EMPRESAS P\u00daBLICAS TIENEN MUCHO PARA APORTAR\u00bb, ASEGUR\u00d3 PABLO CERIANI"},"content":{"rendered":"\n<p class=\"wp-block-paragraph\">El presidente de Aerol\u00edneas Argentinas, Pablo Ceriani, defendi\u00f3 el rol de las empresas p\u00fablicas, dijo que \u00abtienen mucho para aportar\u00bb y pidi\u00f3 que no analicen su eficiencia solamente por si generan o no d\u00e9ficit y requieren de transferencias del Tesoro sino principalmente por sus \u00abindicadores de producci\u00f3n\u00bb.<\/p>\n\n\n\n<p class=\"wp-block-paragraph\">Ceriani disert\u00f3 en el cierre de la tercera jornada del trig\u00e9simo sexto Seminario Nacional de Presupuesto P\u00fablico que se desarrolla hasta este jueves en Resistencia, organizado por la Asociaci\u00f3n Argentina de Presupuesto y Administraci\u00f3n Financiera P\u00fablica (ASAP).<\/p>\n\n\n\n<p class=\"wp-block-paragraph\">El titular de Aerol\u00edneas sostuvo que \u00ablas empresas p\u00fablicas son importantes y necesarias en la medida que haya objetivos estrat\u00e9gicos para que el Estado influya en el proceso desarrollo\u00bb.<\/p>\n\n\n\n<p class=\"wp-block-paragraph\">Al respecto, destac\u00f3 que \u00abtienen mucho que aportar, con una acumulaci\u00f3n de conocimiento desde el punto de vista t\u00e9cnico e hist\u00f3rico muy importante\u00bb.<\/p>\n\n\n\n<p class=\"wp-block-paragraph\">Ceriani pidi\u00f3 \u00abdesideologizar la discusi\u00f3n, para que \u00absea objetiva y menos esquizofr\u00e9nica que la que tenemos en este momento\u00bb, con \u00abun debate ideol\u00f3gico, muy superficial\u00bb.<\/p>\n\n\n\n<p class=\"wp-block-paragraph\">En ese sentido, si bien puntualiz\u00f3 que \u00abel equilibrio fiscal no es un fin en s\u00ed mismo\u00bb, remarc\u00f3 que \u00abel fin de una pol\u00edtica p\u00fablica tienen que ser sostenible, tambi\u00e9n en lo financiero\u00bb.<\/p>\n\n\n\n<p class=\"wp-block-paragraph\">Asimismo, se\u00f1al\u00f3 que \u00abcomo Estado, tenemos el problema que ni siquiera sabemos lo que tenemos y menos sabemos lo que sabe la gente que est\u00e1 dentro de esas empresas\u00bb, por lo que inst\u00f3 a \u00abpotenciar\u00bb sus recursos y aprovecharlos \u00aben la medida que tengamos un plan\u00bb.<\/p>\n\n\n\n<p class=\"wp-block-paragraph\">En cuanto a los n\u00fameros de la compa\u00f1\u00eda, record\u00f3 que lleg\u00f3 a Aerol\u00edneas en 2009, \u00abdespu\u00e9s de un desastroso proceso de privatizaci\u00f3n\u00bb y que por entonces \u00abtransportaba 5 millones de pasajeros, ten\u00eda 9.000 empleados y 40 aviones de una flota obsoleta de 100, que en algunos casos directamente se trataba de chatarra\u00bb.<\/p>\n\n\n\n<p class=\"wp-block-paragraph\">Ya en 2015, tras renovar la flota, Aerol\u00edneas contaba con \u00ab70 aviones, m\u00e1s de 10 millones de pasajeros transportados y 12.000 empleados, es decir que con un 30% m\u00e1s de personal se duplic\u00f3 la producci\u00f3n\u00bb.<\/p>\n\n\n\n<p class=\"wp-block-paragraph\">Por su parte, la directora del Banco Ciudad, Delfina Rossi, sostuvo que \u00abes de suma relevancia c\u00f3mo miramos las empresas p\u00fablicas, sobre todo a partir de la pandemia y la guerra entre Rusia y Ucrania\u00bb, en un mundo en el que el Estado \u00abasume riesgos que otros no est\u00e1n dispuestos a tomar\u00bb.<\/p>\n\n\n\n<p class=\"wp-block-paragraph\">\u00abSi no tenemos en claro qu\u00e9 modelo de desarrollo queremos no vamos a saber qu\u00e9 empresas p\u00fablicas necesitamos\u00bb, complet\u00f3.<\/p>\n\n\n\n<p class=\"wp-block-paragraph\">El economista Nicol\u00e1s Gadano reclam\u00f3 \u00absustraer el debate de la grieta y de la batalla tuitera\u00bb, al tiempo que sostuvo que \u00abno podemos aplicar una regla general\u00bb para analizar a todas las empresas p\u00fablicas.<\/p>\n\n\n\n<p class=\"wp-block-paragraph\">\u00abHe visto empresas petroleras muy buenas y muy malas, y hay privadas petroleras mal\u00edsimas y otras muy eficientes\u00bb, enfatiz\u00f3, adem\u00e1s de puntualizar que \u00abhay una responsabilidad del Estado sobre cu\u00e1les son sus objetivos\u00bb.<\/p>\n\n\n\n<p class=\"wp-block-paragraph\">Gadano propuso que se distinga presupuestariamente \u00ablos fondos que se transfieren para atender decisiones de pol\u00edtica p\u00fablica\u00bb, como son los subsidios por una pol\u00edtica tarifaria que no es decisi\u00f3n de la propia empresa, de los recursos transferidos por \u00abproblemas de gesti\u00f3n\u00bb.<\/p>\n\n\n\n<p class=\"wp-block-paragraph\">Por su parte, el especialista en administraci\u00f3n financiera Emilio Nastri destac\u00f3 la dificultad para definir el universo de empresas p\u00fablicas y dijo figuran 34, en la estructura de la administraci\u00f3n central hay 35 y el la Sigen se reconocen 101, con 43 casos con participaci\u00f3n estatal mayoritaria.<\/p>\n\n\n\n<p class=\"wp-block-paragraph\">Nastri indic\u00f3 que hay 111.000 empleados en las empresas p\u00fablicas nacionales, que en 2021 demandaron un gasto al Estado de $2,5 billones, equivalentes al 5,4% del PBI.<\/p>\n\n\n\n<p class=\"wp-block-paragraph\">El economista Ariel Melamud enumer\u00f3 los \u00abriesgos fiscales\u00bb de las empresas por los que el Estado tiene que salir a asumir su costo, como garant\u00edas o sentencias judiciales, as\u00ed como \u00abdecisiones tarifarias del Poder Ejecutivo que las afectan en su gesti\u00f3n\u00bb.<\/p>\n\n\n\n<p class=\"wp-block-paragraph\">Por \u00faltimo, el polit\u00f3logo Juan Jos\u00e9 Carbajales pidi\u00f3 \u00abalejarse de posiciones maximalistas\u00bb y advirti\u00f3 que \u00abla dictadura c\u00edvico militar dej\u00f3 en 1983, 260 empresas p\u00fablicas no financieras y 37 financieras\u00bb.<\/p>\n\n\n\n<p class=\"wp-block-paragraph\">Asimismo, destac\u00f3 que hay \u00ab170 empresas p\u00fablicas provinciales\u00bb, con el caso extremo de La Rioja, que cuenta con 31. <\/p>\n","protected":false},"excerpt":{"rendered":"<p>El presidente<\/p>\n","protected":false},"author":1,"featured_media":39574,"comment_status":"closed","ping_status":"closed","sticky":false,"template":"","format":"standard","meta":{"footnotes":""},"categories":[4],"tags":[155,59],"class_list":["post-32134","post","type-post","status-publish","format-standard","has-post-thumbnail","hentry","category-nacionales","tag-aerolineas-argentinas","tag-nacionales"],"_links":{"self":[{"href":"https:\/\/panoramadelsur.com.ar\/index.php?rest_route=\/wp\/v2\/posts\/32134","targetHints":{"allow":["GET"]}}],"collection":[{"href":"https:\/\/panoramadelsur.com.ar\/index.php?rest_route=\/wp\/v2\/posts"}],"about":[{"href":"https:\/\/panoramadelsur.com.ar\/index.php?rest_route=\/wp\/v2\/types\/post"}],"author":[{"embeddable":true,"href":"https:\/\/panoramadelsur.com.ar\/index.php?rest_route=\/wp\/v2\/users\/1"}],"replies":[{"embeddable":true,"href":"https:\/\/panoramadelsur.com.ar\/index.php?rest_route=%2Fwp%2Fv2%2Fcomments&post=32134"}],"version-history":[{"count":1,"href":"https:\/\/panoramadelsur.com.ar\/index.php?rest_route=\/wp\/v2\/posts\/32134\/revisions"}],"predecessor-version":[{"id":32136,"href":"https:\/\/panoramadelsur.com.ar\/index.php?rest_route=\/wp\/v2\/posts\/32134\/revisions\/32136"}],"wp:featuredmedia":[{"embeddable":true,"href":"https:\/\/panoramadelsur.com.ar\/index.php?rest_route=\/wp\/v2\/media\/39574"}],"wp:attachment":[{"href":"https:\/\/panoramadelsur.com.ar\/index.php?rest_route=%2Fwp%2Fv2%2Fmedia&parent=32134"}],"wp:term":[{"taxonomy":"category","embeddable":true,"href":"https:\/\/panoramadelsur.com.ar\/index.php?rest_route=%2Fwp%2Fv2%2Fcategories&post=32134"},{"taxonomy":"post_tag","embeddable":true,"href":"https:\/\/panoramadelsur.com.ar\/index.php?rest_route=%2Fwp%2Fv2%2Ftags&post=32134"}],"curies":[{"name":"wp","href":"https:\/\/api.w.org\/{rel}","templated":true}]}}