{"id":32137,"date":"2022-11-03T01:07:00","date_gmt":"2022-11-03T04:07:00","guid":{"rendered":"https:\/\/panoramadelsur.com.ar\/?p=32137"},"modified":"2022-11-03T01:42:06","modified_gmt":"2022-11-03T04:42:06","slug":"insua-dijo-que-tiene-armado-el-95-por-ciento-del-plantel-para-la-temporada-2023","status":"publish","type":"post","link":"https:\/\/panoramadelsur.com.ar\/?p=32137","title":{"rendered":"INS\u00daA DIJO QUE TIENE ARMADO EL 95 POR CIENTO DEL PLANTEL PARA LA TEMPORADA 2023"},"content":{"rendered":"\n<p class=\"wp-block-paragraph\">Rub\u00e9n Ins\u00faa, entrenador de San Lorenzo, destac\u00f3 que tiene armado \u00abel 95 por ciento del plantel\u00bb de cara a la temporada 2023 tanto en el torneo de la Liga Profesional como en la Copa de la LPF.<\/p>\n\n\n\n<p class=\"wp-block-paragraph\">\u00abTenemos el 95 por ciento del plantel armado. Vamos a priorizar la calidad sobre la cantidad\u00bb, sostuvo el t\u00e9cnico azulgrana en declaraciones al programa radial &#8216;La Cicloneta&#8217; (AM 1550).<\/p>\n\n\n\n<p class=\"wp-block-paragraph\">El director t\u00e9cnico de la entidad de Boedo, de 61 a\u00f1os, coment\u00f3 que \u00abhay que tomar con calma\u00bb las situaciones de los jugadores que provienen de entidades en las que estuvieron a pr\u00e9stamo, tales los casos del arquero Jos\u00e9 Devecchi (Aldosivi de Mar del Plata), el mediocampista Juli\u00e1n Palacios (Banfield) y los delanteros Alexander D\u00edaz (Arsenal), Mariano Peralta Bauer (Uni\u00f3n de Santa Fe) y Francisco Galv\u00e1n (Independiente Rivadavia Mendoza), entre otros.<\/p>\n\n\n\n<p class=\"wp-block-paragraph\">De cara al futuro, en tanto, el entrenador remarc\u00f3 que no \u00abse modificar\u00e1 la manera de jugar\u00bb, raz\u00f3n por la cual se perfila que seguir\u00e1 apostando a la l\u00ednea de 5 defensores.<\/p>\n\n\n\n<p class=\"wp-block-paragraph\">\u00abCon el correr del tiempo tenemos que saber jugar de diferentes formas\u00bb, ampli\u00f3 Ins\u00faa, quien tambi\u00e9n adelant\u00f3 que el atacante Nicol\u00e1s Blandi \u00abcontinuar\u00e1 en San Lorenzo, porque pudo superar las lesiones y hace tres meses que se entrena con normalidad\u00bb, dijo.<\/p>\n\n\n\n<p class=\"wp-block-paragraph\">En otro orden, este jueves ser\u00e1 inaugurado un mural en la tribuna visitante del Nuevo Gas\u00f3metro en donde se exhibir\u00e1 la imagen de Edgardo &#8216;Pat\u00f3n&#8217; Bauza, el t\u00e9cnico que condujo al equipo que logr\u00f3 la \u00fanica Copa Libertadores de su historia en la edici\u00f3n 2014.<\/p>\n\n\n\n<p class=\"wp-block-paragraph\">La pintura, realizado por el Grupo Art\u00edstico de Boedo, recrea una de las fotos m\u00e1s hermosas que puede haber de aquella conquista: el entrenador con una gran sonrisa, al lado del trofeo. <\/p>\n","protected":false},"excerpt":{"rendered":"<p>Rub\u00e9n Ins\u00faa,<\/p>\n","protected":false},"author":1,"featured_media":39574,"comment_status":"closed","ping_status":"closed","sticky":false,"template":"","format":"standard","meta":{"footnotes":""},"categories":[6],"tags":[22,29,50],"class_list":["post-32137","post","type-post","status-publish","format-standard","has-post-thumbnail","hentry","category-deportes","tag-futbol","tag-liga-profesional","tag-lpf"],"_links":{"self":[{"href":"https:\/\/panoramadelsur.com.ar\/index.php?rest_route=\/wp\/v2\/posts\/32137","targetHints":{"allow":["GET"]}}],"collection":[{"href":"https:\/\/panoramadelsur.com.ar\/index.php?rest_route=\/wp\/v2\/posts"}],"about":[{"href":"https:\/\/panoramadelsur.com.ar\/index.php?rest_route=\/wp\/v2\/types\/post"}],"author":[{"embeddable":true,"href":"https:\/\/panoramadelsur.com.ar\/index.php?rest_route=\/wp\/v2\/users\/1"}],"replies":[{"embeddable":true,"href":"https:\/\/panoramadelsur.com.ar\/index.php?rest_route=%2Fwp%2Fv2%2Fcomments&post=32137"}],"version-history":[{"count":1,"href":"https:\/\/panoramadelsur.com.ar\/index.php?rest_route=\/wp\/v2\/posts\/32137\/revisions"}],"predecessor-version":[{"id":32139,"href":"https:\/\/panoramadelsur.com.ar\/index.php?rest_route=\/wp\/v2\/posts\/32137\/revisions\/32139"}],"wp:featuredmedia":[{"embeddable":true,"href":"https:\/\/panoramadelsur.com.ar\/index.php?rest_route=\/wp\/v2\/media\/39574"}],"wp:attachment":[{"href":"https:\/\/panoramadelsur.com.ar\/index.php?rest_route=%2Fwp%2Fv2%2Fmedia&parent=32137"}],"wp:term":[{"taxonomy":"category","embeddable":true,"href":"https:\/\/panoramadelsur.com.ar\/index.php?rest_route=%2Fwp%2Fv2%2Fcategories&post=32137"},{"taxonomy":"post_tag","embeddable":true,"href":"https:\/\/panoramadelsur.com.ar\/index.php?rest_route=%2Fwp%2Fv2%2Ftags&post=32137"}],"curies":[{"name":"wp","href":"https:\/\/api.w.org\/{rel}","templated":true}]}}