{"id":32143,"date":"2022-11-03T01:06:00","date_gmt":"2022-11-03T04:06:00","guid":{"rendered":"https:\/\/panoramadelsur.com.ar\/?p=32143"},"modified":"2022-11-03T02:01:21","modified_gmt":"2022-11-03T05:01:21","slug":"magdalena-sierra-recorrio-la-muestra-anual-del-envion-saladita","status":"publish","type":"post","link":"https:\/\/panoramadelsur.com.ar\/?p=32143","title":{"rendered":"MAGDALENA SIERRA RECORRI\u00d3 LA MUESTRA ANUAL DEL ENVI\u00d3N SALADITA"},"content":{"rendered":"\n<p class=\"wp-block-paragraph\">La jefa de Gabinete Magdalena Sierra visit\u00f3 los stands donde se mostraron las diversas actividades y propuestas realizadas en el a\u00f1o.<\/p>\n\n\n\n<p class=\"wp-block-paragraph\">Estuvieron presentes los chicos y chicas que participan del programa en los talleres de barber\u00eda, inform\u00e1tica, geograf\u00eda, matem\u00e1ticas, ciencias, ingl\u00e9s, arte, kick boxing y deporte.<\/p>\n\n\n\n<p class=\"wp-block-paragraph\">Para finalizar, lxs j\u00f3venes mostraron un ensamble de percusi\u00f3n.<\/p>\n\n\n\n<p class=\"wp-block-paragraph\">Tambi\u00e9n participaron vecinos, vecinas y familias del barrio.<\/p>\n\n\n\n<p class=\"wp-block-paragraph\">La radio p\u00fablica de Avellaneda realiz\u00f3 una transmisi\u00f3n especial desde la radio m\u00f3vil.<\/p>\n","protected":false},"excerpt":{"rendered":"<p>La jefa<\/p>\n","protected":false},"author":1,"featured_media":39574,"comment_status":"closed","ping_status":"closed","sticky":false,"template":"","format":"standard","meta":{"footnotes":""},"categories":[3],"tags":[54],"class_list":["post-32143","post","type-post","status-publish","format-standard","has-post-thumbnail","hentry","category-regionales","tag-avellaneda"],"_links":{"self":[{"href":"https:\/\/panoramadelsur.com.ar\/index.php?rest_route=\/wp\/v2\/posts\/32143","targetHints":{"allow":["GET"]}}],"collection":[{"href":"https:\/\/panoramadelsur.com.ar\/index.php?rest_route=\/wp\/v2\/posts"}],"about":[{"href":"https:\/\/panoramadelsur.com.ar\/index.php?rest_route=\/wp\/v2\/types\/post"}],"author":[{"embeddable":true,"href":"https:\/\/panoramadelsur.com.ar\/index.php?rest_route=\/wp\/v2\/users\/1"}],"replies":[{"embeddable":true,"href":"https:\/\/panoramadelsur.com.ar\/index.php?rest_route=%2Fwp%2Fv2%2Fcomments&post=32143"}],"version-history":[{"count":1,"href":"https:\/\/panoramadelsur.com.ar\/index.php?rest_route=\/wp\/v2\/posts\/32143\/revisions"}],"predecessor-version":[{"id":32145,"href":"https:\/\/panoramadelsur.com.ar\/index.php?rest_route=\/wp\/v2\/posts\/32143\/revisions\/32145"}],"wp:featuredmedia":[{"embeddable":true,"href":"https:\/\/panoramadelsur.com.ar\/index.php?rest_route=\/wp\/v2\/media\/39574"}],"wp:attachment":[{"href":"https:\/\/panoramadelsur.com.ar\/index.php?rest_route=%2Fwp%2Fv2%2Fmedia&parent=32143"}],"wp:term":[{"taxonomy":"category","embeddable":true,"href":"https:\/\/panoramadelsur.com.ar\/index.php?rest_route=%2Fwp%2Fv2%2Fcategories&post=32143"},{"taxonomy":"post_tag","embeddable":true,"href":"https:\/\/panoramadelsur.com.ar\/index.php?rest_route=%2Fwp%2Fv2%2Ftags&post=32143"}],"curies":[{"name":"wp","href":"https:\/\/api.w.org\/{rel}","templated":true}]}}