{"id":32146,"date":"2022-11-03T01:08:00","date_gmt":"2022-11-03T04:08:00","guid":{"rendered":"https:\/\/panoramadelsur.com.ar\/?p=32146"},"modified":"2022-11-03T02:08:13","modified_gmt":"2022-11-03T05:08:13","slug":"ferraresi-y-tolosa-paz-firmaron-convenios-e-inauguraron-obras-para-la-ninez-en-avellaneda","status":"publish","type":"post","link":"https:\/\/panoramadelsur.com.ar\/?p=32146","title":{"rendered":"FERRARESI Y TOLOSA PAZ FIRMARON CONVENIOS E INAUGURARON OBRAS PARA LA NI\u00d1EZ EN AVELLANEDA"},"content":{"rendered":"\n<p class=\"wp-block-paragraph\">El intendente de Avellaneda, Jorge Ferraresi, recibi\u00f3 esta semana a la ministra de Desarrollo Social de la Naci\u00f3n, Victoria Tolosa Paz, con quien firm\u00f3 convenios para seguir trabajando en la consolidaci\u00f3n y la conquista de m\u00e1s derechos para los ni\u00f1os y ni\u00f1as de Avellaneda.<\/p>\n\n\n\n<p class=\"wp-block-paragraph\">Adem\u00e1s de los acuerdos para la construcci\u00f3n de seis nuevos espacios para la primera infancia, la entrega de becas y la compra de equipamiento y talleres de capacitaci\u00f3n, los funcionarios luego inauguraron dos nuevas obras importantes para los ni\u00f1os y adolescentes del distrito.<\/p>\n\n\n\n<p class=\"wp-block-paragraph\">En el Centro Municipal de Cuidado Familiar y Comunitario de Villa Corina se estren\u00f3 una zona de crianza totalmente equipada, y m\u00e1s tarde, en el Centro de D\u00eda de las Infancias y Adolescencias de Gerli recorrieron la flamante Sala Multimedia que est\u00e1 destinada a incorporar en los ni\u00f1xs y j\u00f3venes las nuevas herramientas tecnol\u00f3gicas a los procesos de aprendizaje y socio comunitarios cotidianos.<\/p>\n\n\n\n<p class=\"wp-block-paragraph\">En su discurso, Ferraresi destac\u00f3 que \u201cen Avellaneda se trabaja para que los pibes y pibas tengan lo mejor durante su crecimiento\u201d. Por su parte, la ministra Tolosa Paz remarc\u00f3 la importancia del trabajo de ambos niveles del Estado: \u201cEs muy importante venir a acompa\u00f1ar a la gesti\u00f3n. Aqu\u00ed las familias saben que sus hijos est\u00e1n cuidados y son felices\u201d. Y finaliz\u00f3: \u201cLa Argentina se construye con un Estado presente, y en Avellaneda trabajan d\u00eda a d\u00eda para ello\u201d.<\/p>\n\n\n\n<p class=\"wp-block-paragraph\">Junto a los funcionarios estuvieron presentes en esta recorrida la jefa de Gabinete de Avellaneda, Magdalena Sierra; el secretario nacional de la SENAF, Gabriel Lerner; el subsecretario de Primera Infancia, Nicol\u00e1s Falcone; la secretaria de Ni\u00f1ez, Adolescencia y Familia de Avellaneda, Lorena Ramundo; la subsecretaria Telma V\u00e1zquez, adem\u00e1s de otros funcionarios nacionales y municipales.<\/p>\n","protected":false},"excerpt":{"rendered":"<p>El intendente<\/p>\n","protected":false},"author":1,"featured_media":39574,"comment_status":"closed","ping_status":"closed","sticky":false,"template":"","format":"standard","meta":{"footnotes":""},"categories":[3],"tags":[54],"class_list":["post-32146","post","type-post","status-publish","format-standard","has-post-thumbnail","hentry","category-regionales","tag-avellaneda"],"_links":{"self":[{"href":"https:\/\/panoramadelsur.com.ar\/index.php?rest_route=\/wp\/v2\/posts\/32146","targetHints":{"allow":["GET"]}}],"collection":[{"href":"https:\/\/panoramadelsur.com.ar\/index.php?rest_route=\/wp\/v2\/posts"}],"about":[{"href":"https:\/\/panoramadelsur.com.ar\/index.php?rest_route=\/wp\/v2\/types\/post"}],"author":[{"embeddable":true,"href":"https:\/\/panoramadelsur.com.ar\/index.php?rest_route=\/wp\/v2\/users\/1"}],"replies":[{"embeddable":true,"href":"https:\/\/panoramadelsur.com.ar\/index.php?rest_route=%2Fwp%2Fv2%2Fcomments&post=32146"}],"version-history":[{"count":1,"href":"https:\/\/panoramadelsur.com.ar\/index.php?rest_route=\/wp\/v2\/posts\/32146\/revisions"}],"predecessor-version":[{"id":32148,"href":"https:\/\/panoramadelsur.com.ar\/index.php?rest_route=\/wp\/v2\/posts\/32146\/revisions\/32148"}],"wp:featuredmedia":[{"embeddable":true,"href":"https:\/\/panoramadelsur.com.ar\/index.php?rest_route=\/wp\/v2\/media\/39574"}],"wp:attachment":[{"href":"https:\/\/panoramadelsur.com.ar\/index.php?rest_route=%2Fwp%2Fv2%2Fmedia&parent=32146"}],"wp:term":[{"taxonomy":"category","embeddable":true,"href":"https:\/\/panoramadelsur.com.ar\/index.php?rest_route=%2Fwp%2Fv2%2Fcategories&post=32146"},{"taxonomy":"post_tag","embeddable":true,"href":"https:\/\/panoramadelsur.com.ar\/index.php?rest_route=%2Fwp%2Fv2%2Ftags&post=32146"}],"curies":[{"name":"wp","href":"https:\/\/api.w.org\/{rel}","templated":true}]}}