{"id":32149,"date":"2022-11-04T01:06:00","date_gmt":"2022-11-04T04:06:00","guid":{"rendered":"https:\/\/panoramadelsur.com.ar\/?p=32149"},"modified":"2022-11-03T02:18:23","modified_gmt":"2022-11-03T05:18:23","slug":"avellaneda-jorge-ferraresi-recibio-a-los-medallistas-locales-de-los-juegos-nacionales-evita","status":"publish","type":"post","link":"https:\/\/panoramadelsur.com.ar\/?p=32149","title":{"rendered":"AVELLANEDA: JORGE FERRARESI RECIBI\u00d3 A LOS MEDALLISTAS LOCALES DE LOS JUEGOS NACIONALES EVITA"},"content":{"rendered":"\n<p class=\"wp-block-paragraph\">El intendente de Avellaneda mantuvo una reuni\u00f3n con un grupo de atletas, deportistas y entrenadores locales que representaron a nuestra provincia en esa competencia nacional.<\/p>\n\n\n\n<p class=\"wp-block-paragraph\">Acompa\u00f1ados por el secretario de Deportes, Sebasti\u00e1n Vidal compartieron una charla acerca de lo que signific\u00f3 esta experiencia y el esfuerzo que conlleva el entrenamiento y la superaci\u00f3n para participar en este tipo de torneos tan importantes.<\/p>\n\n\n\n<p class=\"wp-block-paragraph\">\u201cVamos a seguir d\u00e1ndoles los medios y recursos necesarios para que puedan mejorar, entrenar y superarse\u201d, coment\u00f3 Ferraresi.<\/p>\n\n\n\n<p class=\"wp-block-paragraph\">La delegaci\u00f3n de Avellaneda aport\u00f3 al medallero provincial de los Juegos Evita, cinco medallas doradas, dos de plata y tres de bronce.<\/p>\n","protected":false},"excerpt":{"rendered":"<p>El intendente<\/p>\n","protected":false},"author":1,"featured_media":39574,"comment_status":"closed","ping_status":"closed","sticky":false,"template":"","format":"standard","meta":{"footnotes":""},"categories":[3],"tags":[54],"class_list":["post-32149","post","type-post","status-publish","format-standard","has-post-thumbnail","hentry","category-regionales","tag-avellaneda"],"_links":{"self":[{"href":"https:\/\/panoramadelsur.com.ar\/index.php?rest_route=\/wp\/v2\/posts\/32149","targetHints":{"allow":["GET"]}}],"collection":[{"href":"https:\/\/panoramadelsur.com.ar\/index.php?rest_route=\/wp\/v2\/posts"}],"about":[{"href":"https:\/\/panoramadelsur.com.ar\/index.php?rest_route=\/wp\/v2\/types\/post"}],"author":[{"embeddable":true,"href":"https:\/\/panoramadelsur.com.ar\/index.php?rest_route=\/wp\/v2\/users\/1"}],"replies":[{"embeddable":true,"href":"https:\/\/panoramadelsur.com.ar\/index.php?rest_route=%2Fwp%2Fv2%2Fcomments&post=32149"}],"version-history":[{"count":1,"href":"https:\/\/panoramadelsur.com.ar\/index.php?rest_route=\/wp\/v2\/posts\/32149\/revisions"}],"predecessor-version":[{"id":32151,"href":"https:\/\/panoramadelsur.com.ar\/index.php?rest_route=\/wp\/v2\/posts\/32149\/revisions\/32151"}],"wp:featuredmedia":[{"embeddable":true,"href":"https:\/\/panoramadelsur.com.ar\/index.php?rest_route=\/wp\/v2\/media\/39574"}],"wp:attachment":[{"href":"https:\/\/panoramadelsur.com.ar\/index.php?rest_route=%2Fwp%2Fv2%2Fmedia&parent=32149"}],"wp:term":[{"taxonomy":"category","embeddable":true,"href":"https:\/\/panoramadelsur.com.ar\/index.php?rest_route=%2Fwp%2Fv2%2Fcategories&post=32149"},{"taxonomy":"post_tag","embeddable":true,"href":"https:\/\/panoramadelsur.com.ar\/index.php?rest_route=%2Fwp%2Fv2%2Ftags&post=32149"}],"curies":[{"name":"wp","href":"https:\/\/api.w.org\/{rel}","templated":true}]}}