{"id":32155,"date":"2022-11-03T01:02:00","date_gmt":"2022-11-03T04:02:00","guid":{"rendered":"https:\/\/panoramadelsur.com.ar\/?p=32155"},"modified":"2022-11-03T03:29:51","modified_gmt":"2022-11-03T06:29:51","slug":"de-pedro-y-perczyk-presentan-la-campana-argentina-contra-el-bullying","status":"publish","type":"post","link":"https:\/\/panoramadelsur.com.ar\/?p=32155","title":{"rendered":"DE PEDRO Y PERCZYK PRESENTAN LA CAMPA\u00d1A ARGENTINA CONTRA EL BULLYING"},"content":{"rendered":"\n<p class=\"wp-block-paragraph\">Los ministros del Interior, Eduardo \u00abWado\u00bb de Pedro; y de Educaci\u00f3n, Jaime Perczyk; encabezar\u00e1n este jueves el lanzamiento formal de la campa\u00f1a \u00abArgentina contra el Bullying\u00bb, y presentar\u00e1n un cuadernillo de concientizaci\u00f3n sobre esa problem\u00e1tica.<\/p>\n\n\n\n<p class=\"wp-block-paragraph\">El acto ser\u00e1 a las 10 en el Centro Cultural Kirchner (CCK), informaron fuentes del Ministerio del Interior.<\/p>\n\n\n\n<p class=\"wp-block-paragraph\">La presentaci\u00f3n del cuadernillo forma parte de las distintas acciones previstas en la recientemente lanzada campa\u00f1a \u00abArgentina contra el Bullying\u00bb, que incluy\u00f3 un convenio entre ambos ministerios en agosto pasado, para implementar un marco de colaboraci\u00f3n, cooperaci\u00f3n, intercambio y participaci\u00f3n, para concientizar sobre la problem\u00e1tica del bullying y ciberbullying en el \u00e1mbito nacional, provincial y municipal, con la participaci\u00f3n de organizaciones de la sociedad civil especializadas en la materia.<\/p>\n\n\n\n<p class=\"wp-block-paragraph\">En el acto de lanzamiento -que ser\u00e1 moderado por el entrevistador y humorista Tom\u00e1s Quint\u00edn Palma-, de Pedro y Perczyk tambi\u00e9n estar\u00e1n acompa\u00f1ados por Luisa Brumana, representante del Fondo de las Naciones Unidas para la Infancia (Unicef) Argentina; Mar\u00eda Zysman, fundadora y presidenta de la asociaci\u00f3n civil Libres de Bullying; y Beatriz Touzet, presidenta honoraria de la Asociaci\u00f3n Argentina de Tartamudez (AAT).<\/p>\n\n\n\n<p class=\"wp-block-paragraph\">Tambi\u00e9n, en representaci\u00f3n del Ministerio del Interior, estar\u00e1 presente el director nacional de Relaciones con la Comunidad y Participaci\u00f3n Ciudadana, Mart\u00edn Cagnola.<\/p>\n\n\n\n<p class=\"wp-block-paragraph\">La presentaci\u00f3n del material tendr\u00e1 lugar este 3 de noviembre, ya que esa fecha fue la designada por los estados miembros de la Organizaci\u00f3n de las Naciones Unidas para la Educaci\u00f3n, la Ciencia y la Cultura (Unesco) para conmemorar cada a\u00f1o el \u00abD\u00eda Internacional contra la Violencia y el Acoso en la Escuela, incluido el Ciberacoso\u00bb. <\/p>\n","protected":false},"excerpt":{"rendered":"<p>Los ministros<\/p>\n","protected":false},"author":1,"featured_media":39574,"comment_status":"closed","ping_status":"closed","sticky":false,"template":"","format":"standard","meta":{"footnotes":""},"categories":[4,8],"tags":[519,59],"class_list":["post-32155","post","type-post","status-publish","format-standard","has-post-thumbnail","hentry","category-nacionales","category-para-agendar","tag-bullying","tag-nacionales"],"_links":{"self":[{"href":"https:\/\/panoramadelsur.com.ar\/index.php?rest_route=\/wp\/v2\/posts\/32155","targetHints":{"allow":["GET"]}}],"collection":[{"href":"https:\/\/panoramadelsur.com.ar\/index.php?rest_route=\/wp\/v2\/posts"}],"about":[{"href":"https:\/\/panoramadelsur.com.ar\/index.php?rest_route=\/wp\/v2\/types\/post"}],"author":[{"embeddable":true,"href":"https:\/\/panoramadelsur.com.ar\/index.php?rest_route=\/wp\/v2\/users\/1"}],"replies":[{"embeddable":true,"href":"https:\/\/panoramadelsur.com.ar\/index.php?rest_route=%2Fwp%2Fv2%2Fcomments&post=32155"}],"version-history":[{"count":1,"href":"https:\/\/panoramadelsur.com.ar\/index.php?rest_route=\/wp\/v2\/posts\/32155\/revisions"}],"predecessor-version":[{"id":32157,"href":"https:\/\/panoramadelsur.com.ar\/index.php?rest_route=\/wp\/v2\/posts\/32155\/revisions\/32157"}],"wp:featuredmedia":[{"embeddable":true,"href":"https:\/\/panoramadelsur.com.ar\/index.php?rest_route=\/wp\/v2\/media\/39574"}],"wp:attachment":[{"href":"https:\/\/panoramadelsur.com.ar\/index.php?rest_route=%2Fwp%2Fv2%2Fmedia&parent=32155"}],"wp:term":[{"taxonomy":"category","embeddable":true,"href":"https:\/\/panoramadelsur.com.ar\/index.php?rest_route=%2Fwp%2Fv2%2Fcategories&post=32155"},{"taxonomy":"post_tag","embeddable":true,"href":"https:\/\/panoramadelsur.com.ar\/index.php?rest_route=%2Fwp%2Fv2%2Ftags&post=32155"}],"curies":[{"name":"wp","href":"https:\/\/api.w.org\/{rel}","templated":true}]}}