{"id":32158,"date":"2022-11-03T01:03:00","date_gmt":"2022-11-03T04:03:00","guid":{"rendered":"https:\/\/panoramadelsur.com.ar\/?p=32158"},"modified":"2022-11-03T03:46:40","modified_gmt":"2022-11-03T06:46:40","slug":"educacion-obras-historicas-para-quilmes-con-una-inversion-de-mas-de-1-500-millones-de-pesos","status":"publish","type":"post","link":"https:\/\/panoramadelsur.com.ar\/?p=32158","title":{"rendered":"EDUCACI\u00d3N: OBRAS HIST\u00d3RICAS PARA QUILMES CON UNA INVERSI\u00d3N DE M\u00c1S DE 1.500 MILLONES DE PESOS"},"content":{"rendered":"\n<p class=\"wp-block-paragraph\">El Municipio de Quilmes informa que se confirmaron las fechas del llamado a licitaci\u00f3n para la construcci\u00f3n de dos nuevas escuelas secundarias en los barrios La Matera y Novak, dos nuevos jardines de infantes en los barrios La Paz y IAPI, y la creaci\u00f3n del \u00e1rea de talleres en las escuelas t\u00e9cnicas N\u00ba 1 y N\u00ba 8, adem\u00e1s del reemplazo de edificio de la Escuela Secundaria N\u00ba 8.<\/p>\n\n\n\n<p class=\"wp-block-paragraph\">Estas obras hist\u00f3ricas fueron anunciadas a principios del mes de julio por la intendenta de Quilmes, Mayra Mendoza, luego de una reuni\u00f3n que hab\u00eda mantenido con ministro de Educaci\u00f3n de la Naci\u00f3n, Jaime Percyzk, y el secretario de Educaci\u00f3n comunal, Joaqu\u00edn Desmery, en la sede ministerial, en la que el funcionario nacional habilit\u00f3 la elegibilidad para avanzar con el proyecto, producto de un convenio tripartito que se firm\u00f3 en marzo entre Naci\u00f3n, Provincia y Municipio.<\/p>\n\n\n\n<p class=\"wp-block-paragraph\">En total, gracias a estos trabajos, ser\u00e1n aproximadamente 2.000 las alumnas y los alumnos beneficiados con estas medidas para estudiar en m\u00e1s y mejores establecimientos educativos, gracias al trabajo articulado del Municipio con la Naci\u00f3n y la Provincia y una inversi\u00f3n de m\u00e1s de 1.500 millones de pesos.<\/p>\n\n\n\n<p class=\"wp-block-paragraph\">En este contexto, se fij\u00f3 que el 7 de noviembre se llamar\u00e1 a licitaci\u00f3n la construcci\u00f3n de la nueva escuela secundaria en el barrio Novak; la ampliaci\u00f3n de los talleres en la Escuela de Educaci\u00f3n Secundaria T\u00e9cnica (EEST) N\u00ba 8, y el nuevo edificio para Escuela Secundaria (ES) N\u00ba 8.<\/p>\n\n\n\n<p class=\"wp-block-paragraph\">Mientras que el 14 de noviembre, se har\u00e1 el llamado a licitaci\u00f3n para las obras de ampliaci\u00f3n de los talleres de la EEST N\u00ba 1 y del nuevo Jard\u00edn de Infantes del barrio IAPI; a la vez que el 6 de diciembre, ser\u00e1 el turno para la construcci\u00f3n de la nueva escuela secundaria de barrio La Matera, y del nuevo Jard\u00edn de Infantes del barrio La Paz-Santa Luc\u00eda.<\/p>\n","protected":false},"excerpt":{"rendered":"<p>El Municipio<\/p>\n","protected":false},"author":1,"featured_media":39574,"comment_status":"closed","ping_status":"closed","sticky":false,"template":"","format":"standard","meta":{"footnotes":""},"categories":[1,2],"tags":[35,17],"class_list":["post-32158","post","type-post","status-publish","format-standard","has-post-thumbnail","hentry","category-destacados","category-quilmes","tag-municipio-de-quilmes","tag-quilmes"],"_links":{"self":[{"href":"https:\/\/panoramadelsur.com.ar\/index.php?rest_route=\/wp\/v2\/posts\/32158","targetHints":{"allow":["GET"]}}],"collection":[{"href":"https:\/\/panoramadelsur.com.ar\/index.php?rest_route=\/wp\/v2\/posts"}],"about":[{"href":"https:\/\/panoramadelsur.com.ar\/index.php?rest_route=\/wp\/v2\/types\/post"}],"author":[{"embeddable":true,"href":"https:\/\/panoramadelsur.com.ar\/index.php?rest_route=\/wp\/v2\/users\/1"}],"replies":[{"embeddable":true,"href":"https:\/\/panoramadelsur.com.ar\/index.php?rest_route=%2Fwp%2Fv2%2Fcomments&post=32158"}],"version-history":[{"count":1,"href":"https:\/\/panoramadelsur.com.ar\/index.php?rest_route=\/wp\/v2\/posts\/32158\/revisions"}],"predecessor-version":[{"id":32160,"href":"https:\/\/panoramadelsur.com.ar\/index.php?rest_route=\/wp\/v2\/posts\/32158\/revisions\/32160"}],"wp:featuredmedia":[{"embeddable":true,"href":"https:\/\/panoramadelsur.com.ar\/index.php?rest_route=\/wp\/v2\/media\/39574"}],"wp:attachment":[{"href":"https:\/\/panoramadelsur.com.ar\/index.php?rest_route=%2Fwp%2Fv2%2Fmedia&parent=32158"}],"wp:term":[{"taxonomy":"category","embeddable":true,"href":"https:\/\/panoramadelsur.com.ar\/index.php?rest_route=%2Fwp%2Fv2%2Fcategories&post=32158"},{"taxonomy":"post_tag","embeddable":true,"href":"https:\/\/panoramadelsur.com.ar\/index.php?rest_route=%2Fwp%2Fv2%2Ftags&post=32158"}],"curies":[{"name":"wp","href":"https:\/\/api.w.org\/{rel}","templated":true}]}}