{"id":32164,"date":"2022-11-03T01:07:00","date_gmt":"2022-11-03T04:07:00","guid":{"rendered":"https:\/\/panoramadelsur.com.ar\/?p=32164"},"modified":"2022-11-03T04:09:37","modified_gmt":"2022-11-03T07:09:37","slug":"villa-espana-festejo-sus-113-anos","status":"publish","type":"post","link":"https:\/\/panoramadelsur.com.ar\/?p=32164","title":{"rendered":"<strong>VILLA ESPA\u00d1A FESTEJ\u00d3 SUS 113 A\u00d1OS<\/strong>"},"content":{"rendered":"\n<p class=\"wp-block-paragraph\"><strong>El s\u00e1bado 29 de octubre fue un d\u00eda de fiesta para la localidad de Villa Espa\u00f1a porque se festej\u00f3 sus 113 a\u00f1os con una gran fiesta. El intendente Juan Jos\u00e9 Mussi particip\u00f3 de la celebraci\u00f3n que incluy\u00f3 actividades culturales, shows musicales y sorteos.<\/strong><\/p>\n\n\n\n<p class=\"wp-block-paragraph\">\u201cLes agradezco mucho por este festejo. Esto es un \u00e9xito y se debe a todos ustedes: comerciantes, vecinos y vecinas de Villa Espa\u00f1a. Estoy orgulloso de mi Berazategui\u201d, expres\u00f3 Mussi.<\/p>\n\n\n\n<p class=\"wp-block-paragraph\">A partir de la iniciativa de los comerciantes de la localidad se llev\u00f3 a cabo el evento que cont\u00f3 con acciones de m\u00e1s de 70 comercios de Villa Espa\u00f1a, actividades culturales, m\u00fasica en vivo, sorteos y food trucks.<\/p>\n\n\n\n<p class=\"wp-block-paragraph\">Sobre la celebraci\u00f3n, uno de los organizadores, Osvaldo Imperiales, destac\u00f3: \u201cCon el esfuerzo de todos los comerciantes hemos logrado esto que es para disfrutar entre todos. El apoyo de la Municipalidad para hacer este festejo fue fundamental\u201d.<\/p>\n\n\n\n<p class=\"wp-block-paragraph\">Junto a Mussi estuvieron la titular de la Secretar\u00eda Privada, Mar\u00eda Del Carmen Flores; los secretarios de Desarrollo Social y Comunitario, Recreaci\u00f3n, Turismo y Deportes, Mar\u00eda Laura Lacava; y de Trabajo, Juan Manuel Parra.<\/p>\n","protected":false},"excerpt":{"rendered":"<p>El s\u00e1bado<\/p>\n","protected":false},"author":1,"featured_media":39574,"comment_status":"closed","ping_status":"closed","sticky":false,"template":"","format":"standard","meta":{"footnotes":""},"categories":[3],"tags":[40],"class_list":["post-32164","post","type-post","status-publish","format-standard","has-post-thumbnail","hentry","category-regionales","tag-berazategui"],"_links":{"self":[{"href":"https:\/\/panoramadelsur.com.ar\/index.php?rest_route=\/wp\/v2\/posts\/32164","targetHints":{"allow":["GET"]}}],"collection":[{"href":"https:\/\/panoramadelsur.com.ar\/index.php?rest_route=\/wp\/v2\/posts"}],"about":[{"href":"https:\/\/panoramadelsur.com.ar\/index.php?rest_route=\/wp\/v2\/types\/post"}],"author":[{"embeddable":true,"href":"https:\/\/panoramadelsur.com.ar\/index.php?rest_route=\/wp\/v2\/users\/1"}],"replies":[{"embeddable":true,"href":"https:\/\/panoramadelsur.com.ar\/index.php?rest_route=%2Fwp%2Fv2%2Fcomments&post=32164"}],"version-history":[{"count":1,"href":"https:\/\/panoramadelsur.com.ar\/index.php?rest_route=\/wp\/v2\/posts\/32164\/revisions"}],"predecessor-version":[{"id":32166,"href":"https:\/\/panoramadelsur.com.ar\/index.php?rest_route=\/wp\/v2\/posts\/32164\/revisions\/32166"}],"wp:featuredmedia":[{"embeddable":true,"href":"https:\/\/panoramadelsur.com.ar\/index.php?rest_route=\/wp\/v2\/media\/39574"}],"wp:attachment":[{"href":"https:\/\/panoramadelsur.com.ar\/index.php?rest_route=%2Fwp%2Fv2%2Fmedia&parent=32164"}],"wp:term":[{"taxonomy":"category","embeddable":true,"href":"https:\/\/panoramadelsur.com.ar\/index.php?rest_route=%2Fwp%2Fv2%2Fcategories&post=32164"},{"taxonomy":"post_tag","embeddable":true,"href":"https:\/\/panoramadelsur.com.ar\/index.php?rest_route=%2Fwp%2Fv2%2Ftags&post=32164"}],"curies":[{"name":"wp","href":"https:\/\/api.w.org\/{rel}","templated":true}]}}