{"id":32167,"date":"2022-11-03T01:10:00","date_gmt":"2022-11-03T04:10:00","guid":{"rendered":"https:\/\/panoramadelsur.com.ar\/?p=32167"},"modified":"2022-11-03T04:22:19","modified_gmt":"2022-11-03T07:22:19","slug":"andres-watson-y-jorge-donofrio-entregaron-pases-libres-multimodales-de-transporte","status":"publish","type":"post","link":"https:\/\/panoramadelsur.com.ar\/?p=32167","title":{"rendered":"<strong>ANDR\u00c9S WATSON Y JORGE D\u00b4ONOFRIO ENTREGARON PASES LIBRES MULTIMODALES DE TRANSPORTE<\/strong>"},"content":{"rendered":"\n<p class=\"wp-block-paragraph\">El intendente -Andr\u00e9s Watson- junto al ministro de Transporte bonaerense -Jorge D\u00b4Onofrio- otorg\u00f3 1798 credenciales para ciudadanos y ciudadanas con discapacidad oriundas de Florencio Varela en el sal\u00f3n perteneciente a Bomberos Voluntarios del distrito, ubicado en la intersecci\u00f3n de 25 de mayo con Dorrego.<\/p>\n\n\n\n<p class=\"wp-block-paragraph\">\u201cUna acci\u00f3n m\u00e1s para sumar derechos y generar igualdad de oportunidades mediante la presencia del Estado en todos sus niveles con una misma premisa: brindarles todas las herramientas indispensables en el cumplimiento de sus objetivos\u201d, afirm\u00f3 el titular en el Ejecutivo local.<\/p>\n\n\n\n<p class=\"wp-block-paragraph\">El Mandatario Comunal remarc\u00f3 \u201cla velocidad en la distribuci\u00f3n de estos carnets para usar en trenes o colectivos en un contexto de crecimiento que optimiz\u00f3 la movilidad con mayor equidad\u201d. \u201cFue importante revalorizar esta iniciativa, una aut\u00e9ntica necesidad de nuestros vecinos y vecinas, interrumpida durante el per\u00edodo 2015 \u2013 2019\u201d, record\u00f3.<\/p>\n\n\n\n<p class=\"wp-block-paragraph\">El integrante en el gabinete del gobernador Axel Kicillof rememor\u00f3 la primera distribuci\u00f3n de pases libres multimodales en febrero de 2022 para totalizar 2749 c\u00e9dulas adjudicadas en el partido, incluidas en las m\u00e1s de 55 mil distribuidas en la provincia de Buenos Aires.&nbsp;&nbsp;&nbsp;&nbsp;&nbsp;<\/p>\n\n\n\n<p class=\"wp-block-paragraph\">\u201cDebido a la impronta adquirida en los \u00faltimos a\u00f1os, logramos satisfacer la demanda pendiente, demorada, para dedicarnos exclusivamente a las renovaciones en las pr\u00f3ximas semanas. Fue importante comprender que detr\u00e1s de cada tr\u00e1mite hab\u00eda una familia, una historia de vida\u201d, describi\u00f3 el funcionario provincial.<\/p>\n\n\n\n<p class=\"wp-block-paragraph\">Olga acompa\u00f1\u00f3 a su sobrina Micaela. Llegaron juntas desde Bosques. \u201cLa gesti\u00f3n fue r\u00e1pida. Completamos la documentaci\u00f3n correspondiente luego de la consulta m\u00e9dica. Entregamos todos los requisitos, nos asignaron un turno para la revisi\u00f3n cl\u00ednica y nos dieron el certificado provisorio para circular. Hoy, obtuvimos el definitivo\u201d, narr\u00f3 la mujer.<\/p>\n\n\n\n<p class=\"wp-block-paragraph\">En sinton\u00eda, Ana Mar\u00eda de Ingeniero Allan calific\u00f3 la atenci\u00f3n como \u201cextraordinaria\u201d. \u201cEsper\u00e9 menos de un mes. Sin dudas, una gran ayuda desde el aspecto econ\u00f3mico por el valor del boleto para viajar con m\u00e1s tranquilidad\u201d, revel\u00f3 la frentista residente en el barrio El Parque.&nbsp;&nbsp;&nbsp;&nbsp;<\/p>\n\n\n\n<p class=\"wp-block-paragraph\">Estuvieron presentes el secretario de Gobierno, Daniel Dono Leidi; la responsable en la cartera de Desarrollo Social, Laura Vivas; la titular en la Gerencia Operativa y Coordinaci\u00f3n de U.G.L XXXVII PAMI, Laura Ravagni; el presidente del Honorable Concejo Deliberante, Gustavo Rearte.<\/p>\n","protected":false},"excerpt":{"rendered":"<p>El intendente<\/p>\n","protected":false},"author":1,"featured_media":39574,"comment_status":"closed","ping_status":"closed","sticky":false,"template":"","format":"standard","meta":{"footnotes":""},"categories":[3],"tags":[30],"class_list":["post-32167","post","type-post","status-publish","format-standard","has-post-thumbnail","hentry","category-regionales","tag-varela"],"_links":{"self":[{"href":"https:\/\/panoramadelsur.com.ar\/index.php?rest_route=\/wp\/v2\/posts\/32167","targetHints":{"allow":["GET"]}}],"collection":[{"href":"https:\/\/panoramadelsur.com.ar\/index.php?rest_route=\/wp\/v2\/posts"}],"about":[{"href":"https:\/\/panoramadelsur.com.ar\/index.php?rest_route=\/wp\/v2\/types\/post"}],"author":[{"embeddable":true,"href":"https:\/\/panoramadelsur.com.ar\/index.php?rest_route=\/wp\/v2\/users\/1"}],"replies":[{"embeddable":true,"href":"https:\/\/panoramadelsur.com.ar\/index.php?rest_route=%2Fwp%2Fv2%2Fcomments&post=32167"}],"version-history":[{"count":1,"href":"https:\/\/panoramadelsur.com.ar\/index.php?rest_route=\/wp\/v2\/posts\/32167\/revisions"}],"predecessor-version":[{"id":32168,"href":"https:\/\/panoramadelsur.com.ar\/index.php?rest_route=\/wp\/v2\/posts\/32167\/revisions\/32168"}],"wp:featuredmedia":[{"embeddable":true,"href":"https:\/\/panoramadelsur.com.ar\/index.php?rest_route=\/wp\/v2\/media\/39574"}],"wp:attachment":[{"href":"https:\/\/panoramadelsur.com.ar\/index.php?rest_route=%2Fwp%2Fv2%2Fmedia&parent=32167"}],"wp:term":[{"taxonomy":"category","embeddable":true,"href":"https:\/\/panoramadelsur.com.ar\/index.php?rest_route=%2Fwp%2Fv2%2Fcategories&post=32167"},{"taxonomy":"post_tag","embeddable":true,"href":"https:\/\/panoramadelsur.com.ar\/index.php?rest_route=%2Fwp%2Fv2%2Ftags&post=32167"}],"curies":[{"name":"wp","href":"https:\/\/api.w.org\/{rel}","templated":true}]}}