{"id":32169,"date":"2022-11-03T01:09:00","date_gmt":"2022-11-03T04:09:00","guid":{"rendered":"https:\/\/panoramadelsur.com.ar\/?p=32169"},"modified":"2022-11-03T04:23:40","modified_gmt":"2022-11-03T07:23:40","slug":"lanzaron-el-arca-2050","status":"publish","type":"post","link":"https:\/\/panoramadelsur.com.ar\/?p=32169","title":{"rendered":"LANZARON EN BERAZATEGUI LA PLATAFORMA DIGITAL EL ARCA 2050"},"content":{"rendered":"\n<p class=\"wp-block-paragraph\"><strong>Se lanz\u00f3 El Arca 2050, una plataforma digital para comercializar lo que se produce en Berazategui. La ministra de Desarrollo Social de la Naci\u00f3n, Victoria Tolosa Paz; y el intendente Juan Jos\u00e9 Mussi fueron invitados a la presentaci\u00f3n de esta iniciativa impulsada por la Mutual 2050.<\/strong><\/p>\n\n\n\n<p class=\"wp-block-paragraph\">El Arca consiste en el desarrollo de una plataforma digital para comercializar solidariamente lo que se produce en el distrito. Cuenta con una novedosa billetera bimonetaria en la que se puede operar con pesos y BOC (moneda virtual), generando un sistema \u00e1gil y sencillo tanto para el comercio, la industria y el emprendedor, como para el consumidor. Mediante El Arca se podr\u00e1n adquirir bienes o contratar servicios; recibir adelantos sin tasa de inter\u00e9s; cargar la SUBE y el celular; pagar impuestos; adem\u00e1s de cargar combustible, entre otras acciones.<\/p>\n\n\n\n<p class=\"wp-block-paragraph\">Al respecto, Tolosa Paz se\u00f1al\u00f3: \u201cCelebro el comienzo de este sue\u00f1o colectivo que es El Arca 2050. Me da mucho orgullo saber que la semilla de esto la sembr\u00f3 Mario Cafiero, un gran hombre que moviliz\u00f3 la econom\u00eda popular y el cooperativismo\u201d.<\/p>\n\n\n\n<p class=\"wp-block-paragraph\">Sobre este proyecto, Mussi afirm\u00f3: \u201cBerazategui es nuestra Patria chica y tenemos un gran concepto localista. Es as\u00ed como El Arca fue pensado por sus creadores con el objetivo de ser m\u00e1s localistas todav\u00eda. La idea es que la plata de los berazateguenses quede en Berazategui\u201d.<\/p>\n\n\n\n<p class=\"wp-block-paragraph\">En el mismo sentido, el director ejecutivo de Berazategui 2050, Hugo Guerrieri, explic\u00f3: \u201cEl Arca es un hito muy importante que hacemos entre todos para todos. Estamos construyendo poder popular. A partir de este lanzamiento, comenzamos a cargar todas las ofertas y servicios para que el 17 de diciembre empiece a funcionar plenamente\u201d.<\/p>\n\n\n\n<p class=\"wp-block-paragraph\">El Arca es impulsado por la Mutual 2050, entidad constituida por representantes de la Uni\u00f3n Industrial de Berazategui, la Confederaci\u00f3n General Empresaria, Centros Comerciales, la Confederaci\u00f3n General de Trabajadores Regional, la Iglesia Cat\u00f3lica, la Iglesia Evang\u00e9lica, los Centros profesionales e instituciones sin fines de lucro.<\/p>\n\n\n\n<p class=\"wp-block-paragraph\">A su vez, el proyecto contempla una Escuela de L\u00edderes que busca promover la asociaci\u00f3n de consumidores, comerciantes, industriales, productores, emprendedores, actores de la econom\u00eda popular, jubilados y trabajadores, y asistir a cada uno de los asociados.<\/p>\n\n\n\n<p class=\"wp-block-paragraph\">Estuvieron presentes tambi\u00e9n, el presidente de la Mutual 2050, Facundo Gald\u00f3s; y el diputado nacional mandato cumplido, Carlos Kunkel.<\/p>\n","protected":false},"excerpt":{"rendered":"<p>Se lanz\u00f3<\/p>\n","protected":false},"author":1,"featured_media":39574,"comment_status":"closed","ping_status":"closed","sticky":false,"template":"","format":"standard","meta":{"footnotes":""},"categories":[3],"tags":[40],"class_list":["post-32169","post","type-post","status-publish","format-standard","has-post-thumbnail","hentry","category-regionales","tag-berazategui"],"_links":{"self":[{"href":"https:\/\/panoramadelsur.com.ar\/index.php?rest_route=\/wp\/v2\/posts\/32169","targetHints":{"allow":["GET"]}}],"collection":[{"href":"https:\/\/panoramadelsur.com.ar\/index.php?rest_route=\/wp\/v2\/posts"}],"about":[{"href":"https:\/\/panoramadelsur.com.ar\/index.php?rest_route=\/wp\/v2\/types\/post"}],"author":[{"embeddable":true,"href":"https:\/\/panoramadelsur.com.ar\/index.php?rest_route=\/wp\/v2\/users\/1"}],"replies":[{"embeddable":true,"href":"https:\/\/panoramadelsur.com.ar\/index.php?rest_route=%2Fwp%2Fv2%2Fcomments&post=32169"}],"version-history":[{"count":2,"href":"https:\/\/panoramadelsur.com.ar\/index.php?rest_route=\/wp\/v2\/posts\/32169\/revisions"}],"predecessor-version":[{"id":32173,"href":"https:\/\/panoramadelsur.com.ar\/index.php?rest_route=\/wp\/v2\/posts\/32169\/revisions\/32173"}],"wp:featuredmedia":[{"embeddable":true,"href":"https:\/\/panoramadelsur.com.ar\/index.php?rest_route=\/wp\/v2\/media\/39574"}],"wp:attachment":[{"href":"https:\/\/panoramadelsur.com.ar\/index.php?rest_route=%2Fwp%2Fv2%2Fmedia&parent=32169"}],"wp:term":[{"taxonomy":"category","embeddable":true,"href":"https:\/\/panoramadelsur.com.ar\/index.php?rest_route=%2Fwp%2Fv2%2Fcategories&post=32169"},{"taxonomy":"post_tag","embeddable":true,"href":"https:\/\/panoramadelsur.com.ar\/index.php?rest_route=%2Fwp%2Fv2%2Ftags&post=32169"}],"curies":[{"name":"wp","href":"https:\/\/api.w.org\/{rel}","templated":true}]}}