{"id":32174,"date":"2022-11-03T01:04:00","date_gmt":"2022-11-03T04:04:00","guid":{"rendered":"https:\/\/panoramadelsur.com.ar\/?p=32174"},"modified":"2022-11-03T04:26:23","modified_gmt":"2022-11-03T07:26:23","slug":"berazategui-ya-palpita-su-62o-aniversario","status":"publish","type":"post","link":"https:\/\/panoramadelsur.com.ar\/?p=32174","title":{"rendered":"<strong>BERAZATEGUI YA PALPITA SU 62\u00ba ANIVERSARIO<\/strong>"},"content":{"rendered":"\n<p class=\"wp-block-paragraph\"><strong>La tradicional celebraci\u00f3n se realizar\u00e1 este viernes 4 de noviembre, a partir de las 17.00, en la Plaza San Mart\u00edn (Av. Mitre e\/ 6 y 7). Los shows de Los Charros y El Polaco ser\u00e1n el broche de oro de la jornada, a partir de las 21.00.<\/strong><\/p>\n\n\n\n<p class=\"wp-block-paragraph\">El evento se desarrollar\u00e1 dentro del 31\u00ba Encuentro Ciudadano de la Autonom\u00eda. Habr\u00e1 un patio gastron\u00f3mico, actividades recreativas y distintas atracciones imperdibles para compartir junto a familiares y amigos.<\/p>\n\n\n\n<p class=\"wp-block-paragraph\">Asimismo, con el objetivo de que las y los vecinos puedan disfrutar del evento en forma tranquila y organizada, desde este jueves 3 de noviembre a las 8.00 y hasta el s\u00e1bado 5 a las 12.00 se desviar\u00e1 el tr\u00e1nsito en las siguientes intersecciones:<\/p>\n\n\n\n<p class=\"wp-block-paragraph\">-Calle 6 e\/ 147 y 150.<br>-Av. 7 e\/ 147 y 150.<br>-Calle 148 e\/ 5 y 8.<br>-Calle 149 e\/ 5 y 8.<br>-Av. Mitre e\/ 5 y 7 A (ambas manos).<\/p>\n\n\n\n<p class=\"wp-block-paragraph\">Quienes quieran circular por la Av. Mitre mano a Capital, pueden utilizar la calle 150 y retomar por la 5. En tanto, para ir mano a La Plata, el desv\u00edo es por calle 5, hacia 146 y retomando por 9.<\/p>\n","protected":false},"excerpt":{"rendered":"<p>La tradicional<\/p>\n","protected":false},"author":1,"featured_media":39574,"comment_status":"closed","ping_status":"closed","sticky":false,"template":"","format":"standard","meta":{"footnotes":""},"categories":[8,3],"tags":[40],"class_list":["post-32174","post","type-post","status-publish","format-standard","has-post-thumbnail","hentry","category-para-agendar","category-regionales","tag-berazategui"],"_links":{"self":[{"href":"https:\/\/panoramadelsur.com.ar\/index.php?rest_route=\/wp\/v2\/posts\/32174","targetHints":{"allow":["GET"]}}],"collection":[{"href":"https:\/\/panoramadelsur.com.ar\/index.php?rest_route=\/wp\/v2\/posts"}],"about":[{"href":"https:\/\/panoramadelsur.com.ar\/index.php?rest_route=\/wp\/v2\/types\/post"}],"author":[{"embeddable":true,"href":"https:\/\/panoramadelsur.com.ar\/index.php?rest_route=\/wp\/v2\/users\/1"}],"replies":[{"embeddable":true,"href":"https:\/\/panoramadelsur.com.ar\/index.php?rest_route=%2Fwp%2Fv2%2Fcomments&post=32174"}],"version-history":[{"count":1,"href":"https:\/\/panoramadelsur.com.ar\/index.php?rest_route=\/wp\/v2\/posts\/32174\/revisions"}],"predecessor-version":[{"id":32176,"href":"https:\/\/panoramadelsur.com.ar\/index.php?rest_route=\/wp\/v2\/posts\/32174\/revisions\/32176"}],"wp:featuredmedia":[{"embeddable":true,"href":"https:\/\/panoramadelsur.com.ar\/index.php?rest_route=\/wp\/v2\/media\/39574"}],"wp:attachment":[{"href":"https:\/\/panoramadelsur.com.ar\/index.php?rest_route=%2Fwp%2Fv2%2Fmedia&parent=32174"}],"wp:term":[{"taxonomy":"category","embeddable":true,"href":"https:\/\/panoramadelsur.com.ar\/index.php?rest_route=%2Fwp%2Fv2%2Fcategories&post=32174"},{"taxonomy":"post_tag","embeddable":true,"href":"https:\/\/panoramadelsur.com.ar\/index.php?rest_route=%2Fwp%2Fv2%2Ftags&post=32174"}],"curies":[{"name":"wp","href":"https:\/\/api.w.org\/{rel}","templated":true}]}}