{"id":32177,"date":"2022-11-05T01:06:00","date_gmt":"2022-11-05T04:06:00","guid":{"rendered":"https:\/\/panoramadelsur.com.ar\/?p=32177"},"modified":"2022-11-03T04:29:36","modified_gmt":"2022-11-03T07:29:36","slug":"el-centro-de-jubilados-el-trebol-festejo-sus-15-anos","status":"publish","type":"post","link":"https:\/\/panoramadelsur.com.ar\/?p=32177","title":{"rendered":"<strong>EL CENTRO DE JUBILADOS EL TR\u00c9BOL FESTEJ\u00d3 SUS 15 A\u00d1OS<\/strong>"},"content":{"rendered":"\n<p class=\"wp-block-paragraph\">Se festej\u00f3 el 15\u00b0 aniversario del Centro de Jubilados El Tr\u00e9bol, el domingo 30 de octubre, con un almuerzo en su sede de calle 18 entre 129 A y Av. Vergara. All\u00ed estuvo el intendente de Berazategui, Juan Jos\u00e9 Mussi, quien entreg\u00f3 un subsidio a la instituci\u00f3n.<\/p>\n\n\n\n<p class=\"wp-block-paragraph\">\u201cEn los momentos dif\u00edciles hay que estar unidos y festejando entre pares como pasa hoy ac\u00e1\u201d, destac\u00f3 Juan Jos\u00e9 Mussi.<\/p>\n\n\n\n<p class=\"wp-block-paragraph\">Asimismo, afirm\u00f3: \u201cLes pido que no aflojen, que sigan adelante porque hay que hacerlo por nuestros hijos y nietos\u201d.<\/p>\n\n\n\n<p class=\"wp-block-paragraph\">Por su parte, la presidenta del Centro de Jubilados El Tr\u00e9bol, Marina Carruego, se\u00f1al\u00f3: \u201cQuiero agradecer al Intendente por estar presente en nuestro aniversario y por apoyarnos siempre. Tambi\u00e9n quiero agradecerle a nuestros socios porque hoy tenemos mucha concurrencia y la estamos pasando muy bien\u201d.<\/p>\n\n\n\n<p class=\"wp-block-paragraph\">Acompa\u00f1aron a Mussi, la titular de la Secretar\u00eda Privada, Mar\u00eda Del Carmen Flores; los secretarios de Organizaciones No Gubernamentales, Marcelo Benedetti; de Desarrollo Social y Comunitario, Recreaci\u00f3n, Turismo y Deportes, Mar\u00eda Laura Lacava; y de Cultura y Educaci\u00f3n, Federico L\u00f3pez; entre otras autoridades municipales.<\/p>\n","protected":false},"excerpt":{"rendered":"<p>Se festej\u00f3<\/p>\n","protected":false},"author":1,"featured_media":39574,"comment_status":"closed","ping_status":"closed","sticky":false,"template":"","format":"standard","meta":{"footnotes":""},"categories":[3],"tags":[40],"class_list":["post-32177","post","type-post","status-publish","format-standard","has-post-thumbnail","hentry","category-regionales","tag-berazategui"],"_links":{"self":[{"href":"https:\/\/panoramadelsur.com.ar\/index.php?rest_route=\/wp\/v2\/posts\/32177","targetHints":{"allow":["GET"]}}],"collection":[{"href":"https:\/\/panoramadelsur.com.ar\/index.php?rest_route=\/wp\/v2\/posts"}],"about":[{"href":"https:\/\/panoramadelsur.com.ar\/index.php?rest_route=\/wp\/v2\/types\/post"}],"author":[{"embeddable":true,"href":"https:\/\/panoramadelsur.com.ar\/index.php?rest_route=\/wp\/v2\/users\/1"}],"replies":[{"embeddable":true,"href":"https:\/\/panoramadelsur.com.ar\/index.php?rest_route=%2Fwp%2Fv2%2Fcomments&post=32177"}],"version-history":[{"count":1,"href":"https:\/\/panoramadelsur.com.ar\/index.php?rest_route=\/wp\/v2\/posts\/32177\/revisions"}],"predecessor-version":[{"id":32179,"href":"https:\/\/panoramadelsur.com.ar\/index.php?rest_route=\/wp\/v2\/posts\/32177\/revisions\/32179"}],"wp:featuredmedia":[{"embeddable":true,"href":"https:\/\/panoramadelsur.com.ar\/index.php?rest_route=\/wp\/v2\/media\/39574"}],"wp:attachment":[{"href":"https:\/\/panoramadelsur.com.ar\/index.php?rest_route=%2Fwp%2Fv2%2Fmedia&parent=32177"}],"wp:term":[{"taxonomy":"category","embeddable":true,"href":"https:\/\/panoramadelsur.com.ar\/index.php?rest_route=%2Fwp%2Fv2%2Fcategories&post=32177"},{"taxonomy":"post_tag","embeddable":true,"href":"https:\/\/panoramadelsur.com.ar\/index.php?rest_route=%2Fwp%2Fv2%2Ftags&post=32177"}],"curies":[{"name":"wp","href":"https:\/\/api.w.org\/{rel}","templated":true}]}}