{"id":32180,"date":"2022-11-03T01:05:00","date_gmt":"2022-11-03T04:05:00","guid":{"rendered":"https:\/\/panoramadelsur.com.ar\/?p=32180"},"modified":"2022-11-03T04:34:22","modified_gmt":"2022-11-03T07:34:22","slug":"varela-estudiantes-de-magisterio-recorrieron-el-museo-local","status":"publish","type":"post","link":"https:\/\/panoramadelsur.com.ar\/?p=32180","title":{"rendered":"<strong>VARELA: ESTUDIANTES DE MAGISTERIO RECORRIERON EL MUSEO LOCAL<\/strong>"},"content":{"rendered":"\n<p class=\"wp-block-paragraph\">Integrantes del profesorado de Educaci\u00f3n Inicial visitaron la dependencia municipal, donde efectuaron un itinerario guiado por las instalaciones.<\/p>\n\n\n\n<p class=\"wp-block-paragraph\">A cargo de la actividad, Daniela Guglianone describi\u00f3: \u201cA lo largo de todo el a\u00f1o, recibimos a alumnos y alumnas de los distintos niveles de ense\u00f1anza para saber m\u00e1s acerca de este sitio y evocar los inicios de nuestra ciudad\u201d.<\/p>\n\n\n\n<p class=\"wp-block-paragraph\">\u201cLas chicas pudieron llevarse insumos y recursos para implementarlos en su futuro rol docente\u201d, destaca Guglianone. El contingente del Instituto Perpetuo Socorro observ\u00f3 la exposici\u00f3n \u201cD\u00eda del Respeto y la Diversidad&nbsp;Cultural\u201d adem\u00e1s de las obras de artistas locales en la 3\u00b0 Muestra colectiva \u201cVive el arte en Varela\u201d.<\/p>\n\n\n\n<p class=\"wp-block-paragraph\">Desde el \u00e1rea, recordaron los d\u00edas y horarios del Museo Comunitario de Artes Visuales e Hist\u00f3rico -25 de Mayo entre Chacabuco y Maip\u00fa-: lunes a viernes de 9 a 16 hs, con visitas guiadas a las 10 y a las 14 hs.<\/p>\n","protected":false},"excerpt":{"rendered":"<p>Integrantes del<\/p>\n","protected":false},"author":1,"featured_media":39574,"comment_status":"closed","ping_status":"closed","sticky":false,"template":"","format":"standard","meta":{"footnotes":""},"categories":[3],"tags":[30],"class_list":["post-32180","post","type-post","status-publish","format-standard","has-post-thumbnail","hentry","category-regionales","tag-varela"],"_links":{"self":[{"href":"https:\/\/panoramadelsur.com.ar\/index.php?rest_route=\/wp\/v2\/posts\/32180","targetHints":{"allow":["GET"]}}],"collection":[{"href":"https:\/\/panoramadelsur.com.ar\/index.php?rest_route=\/wp\/v2\/posts"}],"about":[{"href":"https:\/\/panoramadelsur.com.ar\/index.php?rest_route=\/wp\/v2\/types\/post"}],"author":[{"embeddable":true,"href":"https:\/\/panoramadelsur.com.ar\/index.php?rest_route=\/wp\/v2\/users\/1"}],"replies":[{"embeddable":true,"href":"https:\/\/panoramadelsur.com.ar\/index.php?rest_route=%2Fwp%2Fv2%2Fcomments&post=32180"}],"version-history":[{"count":1,"href":"https:\/\/panoramadelsur.com.ar\/index.php?rest_route=\/wp\/v2\/posts\/32180\/revisions"}],"predecessor-version":[{"id":32182,"href":"https:\/\/panoramadelsur.com.ar\/index.php?rest_route=\/wp\/v2\/posts\/32180\/revisions\/32182"}],"wp:featuredmedia":[{"embeddable":true,"href":"https:\/\/panoramadelsur.com.ar\/index.php?rest_route=\/wp\/v2\/media\/39574"}],"wp:attachment":[{"href":"https:\/\/panoramadelsur.com.ar\/index.php?rest_route=%2Fwp%2Fv2%2Fmedia&parent=32180"}],"wp:term":[{"taxonomy":"category","embeddable":true,"href":"https:\/\/panoramadelsur.com.ar\/index.php?rest_route=%2Fwp%2Fv2%2Fcategories&post=32180"},{"taxonomy":"post_tag","embeddable":true,"href":"https:\/\/panoramadelsur.com.ar\/index.php?rest_route=%2Fwp%2Fv2%2Ftags&post=32180"}],"curies":[{"name":"wp","href":"https:\/\/api.w.org\/{rel}","templated":true}]}}