{"id":32183,"date":"2022-11-03T01:01:00","date_gmt":"2022-11-03T04:01:00","guid":{"rendered":"https:\/\/panoramadelsur.com.ar\/?p=32183"},"modified":"2022-11-03T04:42:16","modified_gmt":"2022-11-03T07:42:16","slug":"contra-el-bullying-un-dia-de-reflexion-y-accion","status":"publish","type":"post","link":"https:\/\/panoramadelsur.com.ar\/?p=32183","title":{"rendered":"CONTRA EL BULLYING, UN D\u00cdA DE REFLEXI\u00d3N Y ACCI\u00d3N"},"content":{"rendered":"\n<p class=\"wp-block-paragraph\"><strong><em>Por Mar\u00eda Zysman para T\u00e9lam (*)<\/em><\/strong><\/p>\n\n\n\n<p class=\"wp-block-paragraph\">A partir del a\u00f1o 2020, un nuevo d\u00eda se suma a nuestras agendas para pensar en los v\u00ednculos entre pares en la escuela. Los 143 estados estados miembro de la Unesco designaron al primer jueves de noviembre de cada a\u00f1o como \u00abD\u00eda Internacional contra la Violencia en la Escuela, el Bullying y el Ciberbullying\u00bb, reconociendo de este modo que la violencia en el entorno escolar, bajo todas sus formas, atenta contra los derechos de los ni\u00f1os y los adolescentes, la salud y el bienestar.<\/p>\n\n\n\n<p class=\"wp-block-paragraph\">Trabajo desde hace casi 30 a\u00f1os en esta tem\u00e1tica, en un principio sin llamarla bullying y luego adoptando el t\u00e9rmino para poder compartir miradas y marcos te\u00f3ricos con colegas e investigadores de todo el mundo. Mucho hemos aprendido, andado y desandado en estos a\u00f1os y, sin embargo, a\u00fan es necesario aclarar, definir y delimitar de qu\u00e9 estamos hablando cuando hablamos de bullying, cu\u00e1ndo es pertinente y cu\u00e1ndo no esta denominaci\u00f3n y su correlato digital, el ciberbullying. Despu\u00e9s de este largo recorrido, en algunos \u00e1mbitos todav\u00eda se pretende evitar hablar del tema, como si ocultarlo lo hiciera desaparecer por arte de magia, en lugar de empeorar la situaci\u00f3n.<\/p>\n\n\n\n<p class=\"wp-block-paragraph\">Designar un \u00abd\u00eda para pensar\u00bb es m\u00e1s importante de lo que se percibe a primera vista porque problematiza algo que est\u00e1, desde hace mucho, naturalizado. Habilita la discusi\u00f3n y el debate, los encuentros propositivos, la puesta en com\u00fan de pr\u00e1cticas exitosas y &#8211; por qu\u00e9 no &#8211; aquellas que fracasaron.<\/p>\n\n\n\n<p class=\"wp-block-paragraph\">Permanentemente recorro y transito escuelas primarias y secundarias de todo el pa\u00eds trabajando con estudiantes, familias y docentes y escucho, con gran preocupaci\u00f3n, c\u00f3mo se han \u00abreavivado\u00bb ciertos modos de nombrarse de manera discriminatoria y humillante. A veces conociendo sus significados y otras no tanto. Chicos y chicas, hiperconectados, repiten palabras que atentan &#8211; de una u otra manera &#8211; contra la integridad y dignidad del otro.<\/p>\n\n\n\n<p class=\"wp-block-paragraph\">As\u00ed, aparecen con mucha fuerza agravios referidos al cuerpo del otro, la orientaci\u00f3n sexual, la identidad de g\u00e9nero, el origen. Ni\u00f1os, ni\u00f1as y adolescentes se encuentran en una enorme confusi\u00f3n de palabras que lastiman, y necesitan con urgencia un freno del mundo adulto. As\u00ed lo expresan. \u00abQue los grandes nos digan si hacemos las cosas mal\u00bb, \u00abno quiero que me interroguen, quiero que hablemos\u00bb, \u00abyo no sab\u00eda qu\u00e9 quer\u00eda decir nazi&#8230;\u00bb<\/p>\n\n\n\n<p class=\"wp-block-paragraph\">Los espacios digitales son sumamente ricos y provechosos si se utilizan para el encuentro, el aprendizaje, el entretenimiento, el desarrollo de la creatividad. Es imprescindible construir una \u00e9tica digital que ayude a los chicos y chicas a elegir, discernir, proponer contenidos que valoricen al otro. Muchos de los \u00eddolos que siguen (streamers, tiktokers, instagramers, etc) proponen el destrato y la discriminaci\u00f3n. No podemos estar lejos de esos nuevos mundos y naturalizar estos discursos. No podemos permanecer inm\u00f3viles ante los grupos racistas, xen\u00f3fobos y generadores de odio que convocan a los j\u00f3venes cada vez desde m\u00e1s peque\u00f1os.<\/p>\n\n\n\n<p class=\"wp-block-paragraph\">Desde Libres de Bullying sostenemos que el espacio digital no es responsabilidad exclusiva de las familias y del que la escuela pueda desentenderse; que no se trata de delimitar culpas o postergar intervenciones, sino de tomarlo como un espacio de todos, en el cual los docentes tienen la oportunidad y el privilegio de poder educar.<\/p>\n\n\n\n<p class=\"wp-block-paragraph\">Que el primer jueves de noviembre de cada a\u00f1o se abran \u00e1mbitos de reflexi\u00f3n y acci\u00f3n en torno a la convivencia y sus malestares, es sumamente valorable. Tal vez no sea una soluci\u00f3n instant\u00e1nea o definitiva, pero s\u00ed es un paso hacia ella. Es tomar conciencia, abrirse a escuchar a otros, plantear dificultades y falta de certezas, convocar a las familias, docentes, profesionales de la salud, entrenadores deportivos, vecinos y medios de comunicaci\u00f3n a trabajar juntos por infancias y adolescencias libres de todo tipo de violencias.<\/p>\n\n\n\n<p class=\"wp-block-paragraph\"><em><strong> (*) Licenciada en Psicopedagog\u00eda, directora de Libres de Bullying (www.libresdebullying.com.ar), autora de \u00abBullying. C\u00f3mo prevenir e intervenir en situaciones de acoso escolar\u00bb, \u00abCiberbullying. Cuando el maltrato viaja en las redes\u00bb y \u00abGrooming. C\u00f3mo ense\u00f1ar a los chicos a cuidarse en la web\u00bb.<\/strong><\/em><\/p>\n","protected":false},"excerpt":{"rendered":"<p>Por Mar\u00eda<\/p>\n","protected":false},"author":1,"featured_media":39574,"comment_status":"closed","ping_status":"closed","sticky":false,"template":"","format":"standard","meta":{"footnotes":""},"categories":[7],"tags":[519],"class_list":["post-32183","post","type-post","status-publish","format-standard","has-post-thumbnail","hentry","category-opinion","tag-bullying"],"_links":{"self":[{"href":"https:\/\/panoramadelsur.com.ar\/index.php?rest_route=\/wp\/v2\/posts\/32183","targetHints":{"allow":["GET"]}}],"collection":[{"href":"https:\/\/panoramadelsur.com.ar\/index.php?rest_route=\/wp\/v2\/posts"}],"about":[{"href":"https:\/\/panoramadelsur.com.ar\/index.php?rest_route=\/wp\/v2\/types\/post"}],"author":[{"embeddable":true,"href":"https:\/\/panoramadelsur.com.ar\/index.php?rest_route=\/wp\/v2\/users\/1"}],"replies":[{"embeddable":true,"href":"https:\/\/panoramadelsur.com.ar\/index.php?rest_route=%2Fwp%2Fv2%2Fcomments&post=32183"}],"version-history":[{"count":1,"href":"https:\/\/panoramadelsur.com.ar\/index.php?rest_route=\/wp\/v2\/posts\/32183\/revisions"}],"predecessor-version":[{"id":32185,"href":"https:\/\/panoramadelsur.com.ar\/index.php?rest_route=\/wp\/v2\/posts\/32183\/revisions\/32185"}],"wp:featuredmedia":[{"embeddable":true,"href":"https:\/\/panoramadelsur.com.ar\/index.php?rest_route=\/wp\/v2\/media\/39574"}],"wp:attachment":[{"href":"https:\/\/panoramadelsur.com.ar\/index.php?rest_route=%2Fwp%2Fv2%2Fmedia&parent=32183"}],"wp:term":[{"taxonomy":"category","embeddable":true,"href":"https:\/\/panoramadelsur.com.ar\/index.php?rest_route=%2Fwp%2Fv2%2Fcategories&post=32183"},{"taxonomy":"post_tag","embeddable":true,"href":"https:\/\/panoramadelsur.com.ar\/index.php?rest_route=%2Fwp%2Fv2%2Ftags&post=32183"}],"curies":[{"name":"wp","href":"https:\/\/api.w.org\/{rel}","templated":true}]}}