{"id":32186,"date":"2022-11-03T01:05:00","date_gmt":"2022-11-03T04:05:00","guid":{"rendered":"https:\/\/panoramadelsur.com.ar\/?p=32186"},"modified":"2022-11-03T04:55:07","modified_gmt":"2022-11-03T07:55:07","slug":"se-sortearan-este-jueves-los-campeonatos-de-afa-de-primera-division","status":"publish","type":"post","link":"https:\/\/panoramadelsur.com.ar\/?p=32186","title":{"rendered":"SE SORTEAR\u00c1N ESTE JUEVES LOS CAMPEONATOS DE AFA DE PRIMERA DIVISI\u00d3N"},"content":{"rendered":"\n<p class=\"wp-block-paragraph\">Los sorteos de la pr\u00f3xima temporada de primera divisi\u00f3n del f\u00fatbol argentino se llevar\u00e1n a cabo este jueves desde las 13 en el predio de la AFA, en Ezeiza, donde se conocer\u00e1n los programas del certamen de la Liga Profesional y de la Copa de la Liga que ocupar\u00e1n, en ese orden, el calendario de 2023.<\/p>\n\n\n\n<p class=\"wp-block-paragraph\">La temporada completa arrojar\u00e1 a fin del pr\u00f3ximo a\u00f1o tres descensos, dos de los cuales se resolver\u00e1n como hasta ahora, por promedios, y el restante por Tabla Anual. La idea es llegar en cinco a\u00f1os a contar con 22 equipos en la m\u00e1xima categor\u00eda del f\u00fatbol argentino, y dos ascensos por temporada desde la Primera Nacional.<\/p>\n\n\n\n<p class=\"wp-block-paragraph\">En cuanto a la inversi\u00f3n en el orden de los cert\u00e1menes, se dar\u00e1 as\u00ed para facilitarle a los equipos que lleguen a instancias avanzadas de las Copas Libertadores y Sudamericana la posibilidad de competir con menos exigencias de calendario.<\/p>\n\n\n\n<p class=\"wp-block-paragraph\">Por lo pronto ya est\u00e1 resuelto que el campeonato de la Liga Profesional se desarrollar\u00e1 desde el 27 de enero al 5 de agosto y la Copa de la Liga desde el 20 de ese mes hasta el 16 de diciembre, d\u00eda de disputa de la final. El Trofeo de Campeones se dirimir\u00e1 el 23 del \u00faltimo mes del a\u00f1o pr\u00f3ximo.<\/p>\n\n\n\n<p class=\"wp-block-paragraph\">En cuanto a los formatos, respecto de la Liga Profesional no habr\u00e1 ninguna variante porque la disputar\u00e1n 28 equipos tal como ocurri\u00f3 en este 2022.<\/p>\n\n\n\n<p class=\"wp-block-paragraph\">Y en cuanto a la Copa de la Liga, habr\u00e1 tambi\u00e9n dos zonas de 14 equipos como en la anterior y los cuatro primeros de cada grupo se clasificar\u00e1n a los cuartos de final que ser\u00e1n a partido \u00fanico, al igual que las semifinales y la final.<\/p>\n\n\n\n<p class=\"wp-block-paragraph\">Eso s\u00ed, los cl\u00e1sicos, dos en el a\u00f1o, uno por competencia, se jugar\u00e1n en los estadios de ambos equipos y la local\u00eda en el primero condicionar\u00e1 al que la tuvo a ser visitante en el posterior. <\/p>\n","protected":false},"excerpt":{"rendered":"<p>Los sorteos<\/p>\n","protected":false},"author":1,"featured_media":39574,"comment_status":"closed","ping_status":"closed","sticky":false,"template":"","format":"standard","meta":{"footnotes":""},"categories":[6],"tags":[247,22,29,50],"class_list":["post-32186","post","type-post","status-publish","format-standard","has-post-thumbnail","hentry","category-deportes","tag-afa","tag-futbol","tag-liga-profesional","tag-lpf"],"_links":{"self":[{"href":"https:\/\/panoramadelsur.com.ar\/index.php?rest_route=\/wp\/v2\/posts\/32186","targetHints":{"allow":["GET"]}}],"collection":[{"href":"https:\/\/panoramadelsur.com.ar\/index.php?rest_route=\/wp\/v2\/posts"}],"about":[{"href":"https:\/\/panoramadelsur.com.ar\/index.php?rest_route=\/wp\/v2\/types\/post"}],"author":[{"embeddable":true,"href":"https:\/\/panoramadelsur.com.ar\/index.php?rest_route=\/wp\/v2\/users\/1"}],"replies":[{"embeddable":true,"href":"https:\/\/panoramadelsur.com.ar\/index.php?rest_route=%2Fwp%2Fv2%2Fcomments&post=32186"}],"version-history":[{"count":1,"href":"https:\/\/panoramadelsur.com.ar\/index.php?rest_route=\/wp\/v2\/posts\/32186\/revisions"}],"predecessor-version":[{"id":32188,"href":"https:\/\/panoramadelsur.com.ar\/index.php?rest_route=\/wp\/v2\/posts\/32186\/revisions\/32188"}],"wp:featuredmedia":[{"embeddable":true,"href":"https:\/\/panoramadelsur.com.ar\/index.php?rest_route=\/wp\/v2\/media\/39574"}],"wp:attachment":[{"href":"https:\/\/panoramadelsur.com.ar\/index.php?rest_route=%2Fwp%2Fv2%2Fmedia&parent=32186"}],"wp:term":[{"taxonomy":"category","embeddable":true,"href":"https:\/\/panoramadelsur.com.ar\/index.php?rest_route=%2Fwp%2Fv2%2Fcategories&post=32186"},{"taxonomy":"post_tag","embeddable":true,"href":"https:\/\/panoramadelsur.com.ar\/index.php?rest_route=%2Fwp%2Fv2%2Ftags&post=32186"}],"curies":[{"name":"wp","href":"https:\/\/api.w.org\/{rel}","templated":true}]}}