{"id":32194,"date":"2022-11-03T01:00:00","date_gmt":"2022-11-03T04:00:00","guid":{"rendered":"https:\/\/panoramadelsur.com.ar\/?p=32194"},"modified":"2022-11-03T05:27:41","modified_gmt":"2022-11-03T08:27:41","slug":"multiples-actividades-y-charlas-en-el-cck-antes-de-la-31ra-marcha-del-orgullo-lgbtiq","status":"publish","type":"post","link":"https:\/\/panoramadelsur.com.ar\/?p=32194","title":{"rendered":"M\u00daLTIPLES ACTIVIDADES Y CHARLAS EN EL CCK ANTES DE LA 31RA. MARCHA DEL ORGULLO LGBTIQ+"},"content":{"rendered":"\n<p class=\"wp-block-paragraph\">Muestras fotogr\u00e1ficas, cine, experiencias de pol\u00edticas de organismos de Estado en materia de diversidad sexual, teatro y conversatorios ser\u00e1n algunas de las actividades que se organizar\u00e1n este jueves y viernes en el CCK en v\u00edsperas de la 31 Marcha del Orgullo LGBTIQ+.<\/p>\n\n\n\n<p class=\"wp-block-paragraph\">Bajo el lema \u00abNos Mueve el Orgullo\u201d y entre las 14 y las 20 tendr\u00e1n lugar en el CCK actividades permanentes como la Muestra Fotogr\u00e1fica \u00abNos Mueve el Orgullo Disidente, Popular y Antirracista\u00bb realizado por el \u00abProyecto Marronas\u00bb y \u00abFuria Trava\u00bb.<\/p>\n\n\n\n<p class=\"wp-block-paragraph\">Tambi\u00e9n habr\u00e1 una feria de emprendimientos y editoriales LGBTI en el Sal\u00f3n de los Escudos, y Cine por la Diversidad en el auditorio 614.<\/p>\n\n\n\n<p class=\"wp-block-paragraph\">A partir de las 14.30 se realizar\u00e1 \u00abEl Orgullo en Acci\u00f3n. Mesa de Experiencias de Pol\u00edticas de Organismos del Estado Nacional dirigidas a personas LGBTI+ y a las 15 un encuentro de trabajadores de trabajadores y trabajadoras travestis, transexuales y transg\u00e9neros del \u00e1mbito nacional.<\/p>\n\n\n\n<p class=\"wp-block-paragraph\">Desde las 15.30 se realizar\u00e1 la funci\u00f3n teatral \u201cLa deuda del grito\u201d de la Asociaci\u00f3n Civil 7 Colores Diversidad.<\/p>\n\n\n\n<p class=\"wp-block-paragraph\">En tanto desde las 16.30 habr\u00e1 un \u00abDi\u00e1logo de Periodistas Feministas y LGBTI+ sobre discursos de odio y amenazas de derechos para LGBTI+, resistencia y estrategias desde el periodismo transfeminista\u00bb.<\/p>\n\n\n\n<p class=\"wp-block-paragraph\">Participar\u00e1n Amanda Alma, Radio Nacional; Silvia Molina, editora de g\u00e9nero de la Agencia T\u00e9lam, Maru Ludue\u00f1a de la Agencia Presentes y Lia Ghara de P\u00e1gina 12.<\/p>\n\n\n\n<p class=\"wp-block-paragraph\">A las 17, habr\u00e1 una actividad organizada por la Secretar\u00eda de Deportes de la Naci\u00f3n y a las 17.30 un conversatorio sobre Cuidar en la Diversidad, en el que estar\u00e1n Francisco Qui\u00f1ones Cuartas y el Bachillerato Popular Travesti Trans Mocha Celis, entre otros.<\/p>\n\n\n\n<p class=\"wp-block-paragraph\">El viernes a las 14:30 se realizar\u00e1 el conversatorio: \u201cViolencias por prejuicio hacia identidades LGBTI+ , experiencias desde el transfeminismo popular\u201d, en el que participar\u00e1n entre otros, Gonzalo Bord\u00f3n Pablos, Somos Diverses y Comisi\u00f3n \u201cJusticia por Evelyn Rojas\u201d.<\/p>\n\n\n\n<p class=\"wp-block-paragraph\">A las 15.30 habr\u00e1 lecturas y performances. \u201cDegenerades\u201d, orgullo po\u00e9tico LGBTI+, a las 16.30 el Conversatorio: \u201cOrgulloses de las victorias: hacia la agenda argentina LGBTI+ y a las 17.30 el panel internacional: \u201cNos mueve el orgullo latinoamericano y caribe\u00f1o\u00bb.<\/p>\n\n\n\n<p class=\"wp-block-paragraph\">En tanto a las 18.30 se efectuar\u00e1 el espect\u00e1culo \u00abNos mueve el Orgullo y lo celebramos\u201d. con una exhibici\u00f3n de Cultura Ballroom.<\/p>\n","protected":false},"excerpt":{"rendered":"<p>Muestras fotogr\u00e1ficas,<\/p>\n","protected":false},"author":1,"featured_media":39574,"comment_status":"closed","ping_status":"closed","sticky":false,"template":"","format":"standard","meta":{"footnotes":""},"categories":[10,4],"tags":[521,522,59],"class_list":["post-32194","post","type-post","status-publish","format-standard","has-post-thumbnail","hentry","category-mas-noticias","category-nacionales","tag-lgbtiq","tag-marcha-del-orgullo","tag-nacionales"],"_links":{"self":[{"href":"https:\/\/panoramadelsur.com.ar\/index.php?rest_route=\/wp\/v2\/posts\/32194","targetHints":{"allow":["GET"]}}],"collection":[{"href":"https:\/\/panoramadelsur.com.ar\/index.php?rest_route=\/wp\/v2\/posts"}],"about":[{"href":"https:\/\/panoramadelsur.com.ar\/index.php?rest_route=\/wp\/v2\/types\/post"}],"author":[{"embeddable":true,"href":"https:\/\/panoramadelsur.com.ar\/index.php?rest_route=\/wp\/v2\/users\/1"}],"replies":[{"embeddable":true,"href":"https:\/\/panoramadelsur.com.ar\/index.php?rest_route=%2Fwp%2Fv2%2Fcomments&post=32194"}],"version-history":[{"count":1,"href":"https:\/\/panoramadelsur.com.ar\/index.php?rest_route=\/wp\/v2\/posts\/32194\/revisions"}],"predecessor-version":[{"id":32196,"href":"https:\/\/panoramadelsur.com.ar\/index.php?rest_route=\/wp\/v2\/posts\/32194\/revisions\/32196"}],"wp:featuredmedia":[{"embeddable":true,"href":"https:\/\/panoramadelsur.com.ar\/index.php?rest_route=\/wp\/v2\/media\/39574"}],"wp:attachment":[{"href":"https:\/\/panoramadelsur.com.ar\/index.php?rest_route=%2Fwp%2Fv2%2Fmedia&parent=32194"}],"wp:term":[{"taxonomy":"category","embeddable":true,"href":"https:\/\/panoramadelsur.com.ar\/index.php?rest_route=%2Fwp%2Fv2%2Fcategories&post=32194"},{"taxonomy":"post_tag","embeddable":true,"href":"https:\/\/panoramadelsur.com.ar\/index.php?rest_route=%2Fwp%2Fv2%2Ftags&post=32194"}],"curies":[{"name":"wp","href":"https:\/\/api.w.org\/{rel}","templated":true}]}}