{"id":32197,"date":"2022-11-03T01:07:00","date_gmt":"2022-11-03T04:07:00","guid":{"rendered":"https:\/\/panoramadelsur.com.ar\/?p=32197"},"modified":"2022-11-03T05:34:05","modified_gmt":"2022-11-03T08:34:05","slug":"correa-se-expreso-a-favor-de-reducir-la-jornada-laboral","status":"publish","type":"post","link":"https:\/\/panoramadelsur.com.ar\/?p=32197","title":{"rendered":"CORREA SE EXPRES\u00d3 A FAVOR DE REDUCIR LA JORNADA LABORAL"},"content":{"rendered":"\n<p class=\"wp-block-paragraph\">El ministro de Trabajo bonaerense, Walter Correa, particip\u00f3 de la presentaci\u00f3n en la C\u00e1mara de Diputados de la Naci\u00f3n del cuarto n\u00famero del \u201cCuadernillo de Mujeres Sindicalistas\u201d.<\/p>\n\n\n\n<p class=\"wp-block-paragraph\">Se trata de un trabajo que aborda el debate sobre la reducci\u00f3n de la jornada laboral, nace del esfuerzo colectivo como una s\u00edntesis de reflexiones, saberes y experiencias de Mujeres Sindicalistas y pretende ser material de consulta para trabajadoras y trabajadores, funcionarias y funcionarios, estudiantes y todo aquel que desee utilizarlo.<\/p>\n\n\n\n<p class=\"wp-block-paragraph\">En ese marco, el titular de la cartera laboral provincial se mostr\u00f3 \u201ca favor de reducir la jornada laboral\u201d y puso como ejemplo lo que se viene implementando en varios pa\u00edses de Europa.<\/p>\n\n\n\n<p class=\"wp-block-paragraph\">\u201cMientras otros hacen campa\u00f1a en c\u00f3mo sacarnos derechos y acrecentar el tiempo para que sigamos trabajando mucho m\u00e1s y por menos dinero, nosotros estamos ac\u00e1 dando esta pelea\u201d, se\u00f1al\u00f3 Correa, a lo que agreg\u00f3: \u201cYo tengo la posibilidad y fortuna de ser ministro de Trabajo de la provincia de Buenos Aires y estoy a favor de reducir la jornada laboral\u201d.<\/p>\n\n\n\n<p class=\"wp-block-paragraph\">Adem\u00e1s del ministro Correa, en la presentaci\u00f3n tambi\u00e9n estuvieron las y los diputados nacionales Vanesa Siley, Claudia Ormachea, Mar\u00eda Rosa Mart\u00ednez y Hugo Yasky, la legisladora bonaerense Soledad Alonso y la directora de Equidad Laboral del ministerio de las Mujeres, Pol\u00edticas de G\u00e9nero y Diversidad Sexual de la provincia de Buenos Aires, Claudia L\u00e1zzaro.<\/p>\n\n\n\n<p class=\"wp-block-paragraph\">La actividad incluy\u00f3 la proyecci\u00f3n de un audiovisual realizado por las Mujeres Sindicalistas y el panel \u201cToda la vida luchando por el tiempo\u201d, en el que fue presentado el cuadernillo.<\/p>\n","protected":false},"excerpt":{"rendered":"<p>El ministro<\/p>\n","protected":false},"author":1,"featured_media":39574,"comment_status":"closed","ping_status":"closed","sticky":false,"template":"","format":"standard","meta":{"footnotes":""},"categories":[5],"tags":[],"class_list":["post-32197","post","type-post","status-publish","format-standard","has-post-thumbnail","hentry","category-provincia"],"_links":{"self":[{"href":"https:\/\/panoramadelsur.com.ar\/index.php?rest_route=\/wp\/v2\/posts\/32197","targetHints":{"allow":["GET"]}}],"collection":[{"href":"https:\/\/panoramadelsur.com.ar\/index.php?rest_route=\/wp\/v2\/posts"}],"about":[{"href":"https:\/\/panoramadelsur.com.ar\/index.php?rest_route=\/wp\/v2\/types\/post"}],"author":[{"embeddable":true,"href":"https:\/\/panoramadelsur.com.ar\/index.php?rest_route=\/wp\/v2\/users\/1"}],"replies":[{"embeddable":true,"href":"https:\/\/panoramadelsur.com.ar\/index.php?rest_route=%2Fwp%2Fv2%2Fcomments&post=32197"}],"version-history":[{"count":1,"href":"https:\/\/panoramadelsur.com.ar\/index.php?rest_route=\/wp\/v2\/posts\/32197\/revisions"}],"predecessor-version":[{"id":32199,"href":"https:\/\/panoramadelsur.com.ar\/index.php?rest_route=\/wp\/v2\/posts\/32197\/revisions\/32199"}],"wp:featuredmedia":[{"embeddable":true,"href":"https:\/\/panoramadelsur.com.ar\/index.php?rest_route=\/wp\/v2\/media\/39574"}],"wp:attachment":[{"href":"https:\/\/panoramadelsur.com.ar\/index.php?rest_route=%2Fwp%2Fv2%2Fmedia&parent=32197"}],"wp:term":[{"taxonomy":"category","embeddable":true,"href":"https:\/\/panoramadelsur.com.ar\/index.php?rest_route=%2Fwp%2Fv2%2Fcategories&post=32197"},{"taxonomy":"post_tag","embeddable":true,"href":"https:\/\/panoramadelsur.com.ar\/index.php?rest_route=%2Fwp%2Fv2%2Ftags&post=32197"}],"curies":[{"name":"wp","href":"https:\/\/api.w.org\/{rel}","templated":true}]}}