{"id":32200,"date":"2022-11-03T05:42:08","date_gmt":"2022-11-03T08:42:08","guid":{"rendered":"https:\/\/panoramadelsur.com.ar\/?p=32200"},"modified":"2022-11-03T05:42:11","modified_gmt":"2022-11-03T08:42:11","slug":"asumieron-las-nuevas-autoridades-del-hospital-isidoro-iriarte","status":"publish","type":"post","link":"https:\/\/panoramadelsur.com.ar\/?p=32200","title":{"rendered":"ASUMIERON LAS NUEVAS AUTORIDADES DEL HOSPITAL ISIDORO IRIARTE"},"content":{"rendered":"\n<p class=\"wp-block-paragraph\">En el hospital Isidoro Iriarte de Quilmes asumieron el m\u00e9dico, Jos\u00e9 Manuel Pepe, en reemplazo de Juan Fragomeno, y la licenciada en trabajo social, Adriana de Figueredo, como asociada.<\/p>\n\n\n\n<p class=\"wp-block-paragraph\">El acto fue encabezado por la viceministra de Salud provincial, Alexia Navarro, que destac\u00f3 la trayectoria del nuevo director ejecutivo, Jos\u00e9 Manuel Pepe, y que hasta ahora se desempa\u00f1aba como asociado del mismo. El m\u00e9dico especialista en cardiolog\u00eda realiz\u00f3 sus pr\u00e1cticas profesionales en la Guardia de ese hospital, es egresado de la Universidad Nacional de la Plata, tiene un postgrado en la UBA, y fue becario en la Fundaci\u00f3n Favaloro.<\/p>\n\n\n\n<p class=\"wp-block-paragraph\">Mientras que la licenciada en trabajo social, Adriana de Figueredo, tendr\u00e1 a su cargo la direcci\u00f3n asociada del hospital \u201cIriarte\u201d de Quilmes. Cuenta con una maestr\u00eda en Pol\u00edticas P\u00fablicas en FLACSO, y una amplia experiencia en gesti\u00f3n de pol\u00edticas sanitarias en el gobierno de Entre R\u00edos, ACUMAR y la municipalidad de Quilmes. Estar\u00e1 acompa\u00f1ada por Diego Vega, como administrativo asociado, Graciela Rodr\u00edguez como asociada, y las asesoras Virginia Ayastuy, Andrea Paz, y Estefan\u00eda Martelli.<\/p>\n\n\n\n<p class=\"wp-block-paragraph\">Entre las obras del hospital, se destacan la puesta en marcha de la primera etapa de la remodelaci\u00f3n del pabell\u00f3n de pediatr\u00eda con una inversi\u00f3n de $ 467.227.208, el consultorio de Salud Sexual Integral \u2013 Diversidades, el recambio de pisos en consultorios con fondos SAMO, la construcci\u00f3n del espacio Amigos de la lactancia, la puesta en valor de Cl\u00ednica Media 1, y el reacondicionamiento del tercer quir\u00f3fano del hospital.<\/p>\n","protected":false},"excerpt":{"rendered":"<p>En el<\/p>\n","protected":false},"author":1,"featured_media":39574,"comment_status":"closed","ping_status":"closed","sticky":false,"template":"","format":"standard","meta":{"footnotes":""},"categories":[2],"tags":[523,17],"class_list":["post-32200","post","type-post","status-publish","format-standard","has-post-thumbnail","hentry","category-quilmes","tag-isidoro-iriarte","tag-quilmes"],"_links":{"self":[{"href":"https:\/\/panoramadelsur.com.ar\/index.php?rest_route=\/wp\/v2\/posts\/32200","targetHints":{"allow":["GET"]}}],"collection":[{"href":"https:\/\/panoramadelsur.com.ar\/index.php?rest_route=\/wp\/v2\/posts"}],"about":[{"href":"https:\/\/panoramadelsur.com.ar\/index.php?rest_route=\/wp\/v2\/types\/post"}],"author":[{"embeddable":true,"href":"https:\/\/panoramadelsur.com.ar\/index.php?rest_route=\/wp\/v2\/users\/1"}],"replies":[{"embeddable":true,"href":"https:\/\/panoramadelsur.com.ar\/index.php?rest_route=%2Fwp%2Fv2%2Fcomments&post=32200"}],"version-history":[{"count":1,"href":"https:\/\/panoramadelsur.com.ar\/index.php?rest_route=\/wp\/v2\/posts\/32200\/revisions"}],"predecessor-version":[{"id":32202,"href":"https:\/\/panoramadelsur.com.ar\/index.php?rest_route=\/wp\/v2\/posts\/32200\/revisions\/32202"}],"wp:featuredmedia":[{"embeddable":true,"href":"https:\/\/panoramadelsur.com.ar\/index.php?rest_route=\/wp\/v2\/media\/39574"}],"wp:attachment":[{"href":"https:\/\/panoramadelsur.com.ar\/index.php?rest_route=%2Fwp%2Fv2%2Fmedia&parent=32200"}],"wp:term":[{"taxonomy":"category","embeddable":true,"href":"https:\/\/panoramadelsur.com.ar\/index.php?rest_route=%2Fwp%2Fv2%2Fcategories&post=32200"},{"taxonomy":"post_tag","embeddable":true,"href":"https:\/\/panoramadelsur.com.ar\/index.php?rest_route=%2Fwp%2Fv2%2Ftags&post=32200"}],"curies":[{"name":"wp","href":"https:\/\/api.w.org\/{rel}","templated":true}]}}